{"id":10326,"date":"2016-11-16T19:38:09","date_gmt":"2016-11-16T22:38:09","guid":{"rendered":"https:\/\/eldiariodesanpedro.com.ar\/sitio\/?p=10326"},"modified":"2016-11-16T19:38:22","modified_gmt":"2016-11-16T22:38:22","slug":"manana-es-el-cumpleanos-de-mi-hijo-muerto-y-ahora-no-lo-voy-a-tener-por-culpa-de-un-asesino","status":"publish","type":"post","link":"https:\/\/eldiariodesanpedro.com.ar\/sitio\/manana-es-el-cumpleanos-de-mi-hijo-muerto-y-ahora-no-lo-voy-a-tener-por-culpa-de-un-asesino\/","title":{"rendered":"\u00abMa\u00f1ana es el cumplea\u00f1os de mi hijo muerto y ahora no lo voy a tener por culpa de un asesino\u00bb"},"content":{"rendered":"<p><!-- VideographyWP Plugin Message: Automatic video embedding prevented by plugin options. --><br \/>\nEn la ma\u00f1ana de hoy, alrededor de las 10.00, en la Fiscal\u00eda de la ciudad, se produjo un altercado entre la familia del joven apu\u00f1alado en el local bailable el pasado lunes a la madrugada y una de las personas que, por el momento, se sospecha que podr\u00eda ser el asesino del joven de 24 a\u00f1os.<br \/>\nEn la fiscal\u00eda del Dr. Manso, quien lleva adelante la investigaci\u00f3n de esta causa, se encontraban declarando los j\u00f3venes oriundos de Ramos Mej\u00eda, quienes tambi\u00e9n hab\u00edan sido heridos con una arma blanca al igual que la persona fallecida. En el lugar se encontraba la familia del fallecido: Norma, la mam\u00e1, Pedro, el pap\u00e1 y V\u00edctor, el hermano, adem\u00e1s de sus amigos Iv\u00e1n y Mariano, quienes estuvieron presentes al momento de producirse el hecho dentro del local bailable.<\/p>\n<p>El altercado se inici\u00f3 cuando una de las tres personas que fueron identificadas como posibles autores del hecho se acerca a la fiscal\u00eda a recoger su tel\u00e9fono celular, que hab\u00eda sido secuestrado durante un allanamiento realizado en la noche del martes pasado. Al momento en que el sospechoso ingresa al lugar, el hermano de la v\u00edctima, V\u00edctor Caballero, lo reconoce y comienza a gritar \u201cAsesino, asesino\u201d, provocando que la madre del fallecido sufriera un desmayo al tener enfrente de ella al supuesto asesino de su hijo.<\/p>\n<p>En una nota exclusiva del Diario de San Pedro, contaron su versi\u00f3n de lo sucedido: \u00abYo soy Mariano, el tercer apu\u00f1alado de la pelea que se llev\u00f3 a cabo dentro del baile, vinimos a San Pedro a pasar el d\u00eda, a pescar y despu\u00e9s a la noche fuimos a bailar. Habremos estado media hora ah\u00ed en el baile y de golpe se nos acercaron dos chicos que son de ac\u00e1 de San Pedro y empezaron a provocar, se arm\u00f3 una pelea que como mucho habr\u00e1 durado dos minutos, llegaron los de seguridad y nos sacaron del lugar y cuando salimos, nos encontramos con Pedro tirado en el cord\u00f3n. Todav\u00eda no sabemos por qu\u00e9 empez\u00f3 la pelea, porque no s\u00e9 si es por envidia o por qu\u00e9, nosotros no hicimos nada como para provocarlos a ellos. La pelea comenz\u00f3 dentro del local y afuera no pas\u00f3 m\u00e1s nada porque cuando lo vimos a mi amigo tirado en la vereda se termin\u00f3 todo, nosotros en la desesperaci\u00f3n del momento no nos dimos cuenta de que est\u00e1bamos lastimados tanto V\u00edctor como yo. Nadie vio nada pareciera, porque los de seguridad solamente nos sacaron a nosotros, al asesino lo dejaron adentro o no s\u00e9 si lo sacaron por otra puerta, pero nadie vio nada, no s\u00e9 si porque ellos son de San Pedro y nosotros no. Al igual que al ingresar a baile a nosotros nos revisaron por todos lados, en cambio a ellos se ve que no porque, si estaban armados adentro, es porque no los controlaron. Despu\u00e9s que nos sacaron lo vimos tirado a Pedro, lo levantamos con el hermano y lo cargamos en la camioneta y lo llevamos directamente, nada de estar esperando afuera a los otros, ni nada de seguir haciendo lio. Lo \u00fanico que pedimos es que se haga Justicia, reci\u00e9n vino ac\u00e1 el asesino y se fue caminando, lo identificamos y la polic\u00eda no hizo nada, lo \u00fanico que pedimos es que se haga justicia\u00bb.<\/p>\n<p>Por su parte, la madre del joven asesinado nos dijo: \u00abEst\u00e1bamos sentados y mi hijo lo reconoci\u00f3 al asesino que estaba al lado de nosotros, llamamos al polic\u00eda que est\u00e1 ah\u00ed para que lo detenga y no hizo nada y se fue caminando como si nada\u00bb. Adem\u00e1s, nos cont\u00f3 c\u00f3mo se enter\u00f3 del hecho: \u00abA m\u00ed me llam\u00f3 mi hijo que estaba en el hospital y me dice \u2018Mami, ven\u00ed por favor que nos dieron una pu\u00f1alada\u2019, y yo le dije \u2018c\u00f3mo, si fueron a pescar nada m\u00e1s\u2019, y mi hijo me dice \u2018no si entramos a un boliche y lo agarraron unos pibes y le empezaron a decir cosas y se pelearon y en eso lo apu\u00f1al\u00f3\u00bb. Adem\u00e1s record\u00f3: \u00abMi hijo era bueno, era muy querido en el barrio, trabajador, tiene una hijita de 3 a\u00f1os y lo \u00fanico que pido que se haga justicia\u00bb.<\/p>\n<p>El padre del joven asesinado tambi\u00e9n habl\u00f3 con El Diario y nos dijo lo siguiente: \u00abLo \u00fanico que quiero decir es pedir justicia, y que lo detengan a este muchacho que reci\u00e9n vino a ac\u00e1, y es un caradura de venir como si nada enfrente de nosotros sabiendo que apu\u00f1al\u00f3 a mi hijo m\u00e1s chiquito, le meti\u00f3 una pu\u00f1alada en el coraz\u00f3n, y anda ac\u00e1 como si nada\u00bb. <\/p>\n<p>Con respecto a su hijo, se\u00f1al\u00f3: \u00abEra un chico sano, trabajaba conmigo, yo soy constructor de obras, tengo muchas obras en Capital Federal, mis hijos son mi brazo derecho, el mayor est\u00e1 encargado de una obra y el menor que fue asesinado estaba a cargo de otra obra, y esto la verdad que nos dej\u00f3 destrozados a la familia. Ellos sanamente vinieron a divertirse. Ma\u00f1ana es el cumplea\u00f1os de mi hijo muerto y pasado ma\u00f1ana es mi cumplea\u00f1os, ten\u00edamos pensado festejar este fin de semana con toda la familia, todos juntos porque \u00e9l me lo hab\u00eda pedido y ahora no lo voy a tener por culpa de un asesino\u00bb.<\/p>\n<p>Por su parte, el hermano mayor nos dec\u00eda: \u00abQue se haga justicia y que lo puedan detener a este asesino y que pague lo que hizo\u00bb. Adem\u00e1s sobre lo sucedido cont\u00f3: \u00abNosotros salimos a bailar, \u00e9ramos un grupo de 14 chicos, vinimos a pasar el fin de semana ac\u00e1 a San Pedro, entramos a este boliche, estamos en una ronda divirti\u00e9ndonos y dos se meten y otro qued\u00f3 al costado de la ronda, los dos empiezan a provocarnos y de repente a m\u00ed me agarra un patovica y me saca para afuera, yo sent\u00ed un golpe en el pecho mientras me sacaba el patovica para fuera y cuando salgo me encuentro a mi hermano tirado en el piso, lo que yo atino a hacer es agarrar a mi hermano, levantarlo y cuando lo levanto comienza a desangrarse, porque \u00e9l estaba ca\u00eddo boca abajo, no se ve\u00eda que estaba sangrando. Cuando lo levanto empieza a sangrar y fui a buscar la camioneta y llevarlo al hospital, en la declaraci\u00f3n nosotros aclaramos que fuimos heridos adentro del boliche no afuera, porque afuera no tuvimos ning\u00fan cruce con nadie, porque a nosotros nos sacan y cuando yo levanto a mi hermano, los patovicas ven que mi hermano se empez\u00f3 a desangrar, en ese momento cierran las puertas del boliche\u00bb.<br \/>\nEl hermano del fallecido nos comenta los motivos de la pelea: \u00abNo pas\u00f3 nada antes de la pelea con ellos, vinieron y empezaron a agredir y a forcejear con nosotros, nos dec\u00edan nosotros somos chorros a lo que le respond\u00ed \u2018si son chorros a m\u00ed qu\u00e9 me importa, nosotros somos trabajadores y vinimos a divertirnos\u2019. Fue todo en un segundo, fue todo muy r\u00e1pido\u00bb. <\/p>\n<p>Sobre la detenci\u00f3n del asesino nos coment\u00f3: \u00abLa fiscal\u00eda nos dijo que con lo que nosotros aportamos ya ayuda a que lo puedan detener, as\u00ed que solo nos queda esperar a que lo detengan, sino vamos a tener que formar una marcha nosotros aunque no seamos de ac\u00e1, traeremos a todos nuestros amigos y familiares para hacer una marcha. Tambi\u00e9n la fiscal\u00eda tuvo en cuenta que cuando nosotros vinimos uno de los que provoc\u00f3 este hecho estaba ac\u00e1, cuando sali\u00f3 de la fiscal\u00eda yo le sal\u00ed gritando \u2018Asesino, asesino\u2019, lo persegu\u00ed como media cuadra grit\u00e1ndole asesino y se me re\u00eda en la cara\u00bb.<br \/>\nEl hermano de la v\u00edctima asegura que van a hacer lo que sea para que los culpables del hecho terminen detenidos: \u201cLo \u00fanico que pedimos es que se haga justicia\u201d.<\/p>\n<div class=\"fb-video\" data-allowfullscreen=\"true\" data-href=\"https:\/\/www.facebook.com\/eldiario.desanpedro\/videos\/538278276381316\/\" style=\"background-color: #fff; display: inline-block;\"><\/div>\n","protected":false},"excerpt":{"rendered":"<p>En la ma\u00f1ana de hoy, alrededor de las 10.00, en la Fiscal\u00eda de la ciudad, se produjo un altercado entre la familia del joven apu\u00f1alado en el local bailable el pasado lunes a la madrugada y una de las personas que, por el momento, se sospecha que podr\u00eda ser el asesino del joven de 24 [&hellip;]<\/p>\n","protected":false},"author":4,"featured_media":10327,"comment_status":"open","ping_status":"closed","sticky":false,"template":"","format":"standard","meta":{"om_disable_all_campaigns":false,"_jetpack_memberships_contains_paid_content":false,"footnotes":""},"categories":[50,2,103],"tags":[],"class_list":["post-10326","post","type-post","status-publish","format-standard","has-post-thumbnail","hentry","category-destacadas","category-locales","category-policiales-locales"],"aioseo_notices":[],"gutentor_comment":0,"jetpack_featured_media_url":"https:\/\/eldiariodesanpedro.com.ar\/sitio\/wp-content\/uploads\/2016\/11\/TAPA-1.jpg","jetpack_shortlink":"https:\/\/wp.me\/p6RhLt-2Gy","jetpack_sharing_enabled":true,"_links":{"self":[{"href":"https:\/\/eldiariodesanpedro.com.ar\/sitio\/wp-json\/wp\/v2\/posts\/10326","targetHints":{"allow":["GET"]}}],"collection":[{"href":"https:\/\/eldiariodesanpedro.com.ar\/sitio\/wp-json\/wp\/v2\/posts"}],"about":[{"href":"https:\/\/eldiariodesanpedro.com.ar\/sitio\/wp-json\/wp\/v2\/types\/post"}],"author":[{"embeddable":true,"href":"https:\/\/eldiariodesanpedro.com.ar\/sitio\/wp-json\/wp\/v2\/users\/4"}],"replies":[{"embeddable":true,"href":"https:\/\/eldiariodesanpedro.com.ar\/sitio\/wp-json\/wp\/v2\/comments?post=10326"}],"version-history":[{"count":1,"href":"https:\/\/eldiariodesanpedro.com.ar\/sitio\/wp-json\/wp\/v2\/posts\/10326\/revisions"}],"predecessor-version":[{"id":10328,"href":"https:\/\/eldiariodesanpedro.com.ar\/sitio\/wp-json\/wp\/v2\/posts\/10326\/revisions\/10328"}],"wp:featuredmedia":[{"embeddable":true,"href":"https:\/\/eldiariodesanpedro.com.ar\/sitio\/wp-json\/wp\/v2\/media\/10327"}],"wp:attachment":[{"href":"https:\/\/eldiariodesanpedro.com.ar\/sitio\/wp-json\/wp\/v2\/media?parent=10326"}],"wp:term":[{"taxonomy":"category","embeddable":true,"href":"https:\/\/eldiariodesanpedro.com.ar\/sitio\/wp-json\/wp\/v2\/categories?post=10326"},{"taxonomy":"post_tag","embeddable":true,"href":"https:\/\/eldiariodesanpedro.com.ar\/sitio\/wp-json\/wp\/v2\/tags?post=10326"}],"curies":[{"name":"wp","href":"https:\/\/api.w.org\/{rel}","templated":true}]}}