{"id":10325,"date":"2016-11-16T19:51:47","date_gmt":"2016-11-16T22:51:47","guid":{"rendered":"https:\/\/eldiariodesanpedro.com.ar\/sitio\/?p=10325"},"modified":"2016-11-16T19:51:47","modified_gmt":"2016-11-16T22:51:47","slug":"encuentran-sin-vida-al-pescador-desaparecido","status":"publish","type":"post","link":"https:\/\/eldiariodesanpedro.com.ar\/sitio\/encuentran-sin-vida-al-pescador-desaparecido\/","title":{"rendered":"Encuentran sin vida al pescador desaparecido"},"content":{"rendered":"<p><!-- VideographyWP Plugin Message: Automatic video embedding prevented by plugin options. --><br \/>\nEn horas de la ma\u00f1ana de hoy, en el ri\u00f3 Arrecifes fue encontrado sin vida el joven de 21 a\u00f1os de nacionalidad paraguaya Arnaldo Penayo que hab\u00eda desaparecido en la tarde de ayer cuando pescaba con sus amigos en el puente del km 147 de la Ruta Nacional 9 y decidi\u00f3 arrojarse al agua para refrescarse en la peligrosa zona. <\/p>\n<p>El personal de brigada de la Federaci\u00f3n 2 de Junio y Bomberos de Polic\u00eda de San Nicol\u00e1s retomo la b\u00fasqueda durante esta ma\u00f1ana obteniendo un resultado positivo cercanas las 11:00 hs. y rescatando el cuerpo del ri\u00f3 en cercan\u00edas de donde se hab\u00eda arrojado<\/p>\n","protected":false},"excerpt":{"rendered":"<p>En horas de la ma\u00f1ana de hoy, en el ri\u00f3 Arrecifes fue encontrado sin vida el joven de 21 a\u00f1os de nacionalidad paraguaya Arnaldo Penayo que hab\u00eda desaparecido en la tarde de ayer cuando pescaba con sus amigos en el puente del km 147 de la Ruta Nacional 9 y decidi\u00f3 arrojarse al agua para [&hellip;]<\/p>\n","protected":false},"author":4,"featured_media":10339,"comment_status":"open","ping_status":"closed","sticky":false,"template":"","format":"standard","meta":{"om_disable_all_campaigns":false,"_jetpack_memberships_contains_paid_content":false,"footnotes":""},"categories":[50,2,103],"tags":[],"class_list":["post-10325","post","type-post","status-publish","format-standard","has-post-thumbnail","hentry","category-destacadas","category-locales","category-policiales-locales"],"aioseo_notices":[],"gutentor_comment":0,"jetpack_featured_media_url":"https:\/\/eldiariodesanpedro.com.ar\/sitio\/wp-content\/uploads\/2016\/11\/ahogado-01.jpg","jetpack_shortlink":"https:\/\/wp.me\/p6RhLt-2Gx","jetpack_sharing_enabled":true,"_links":{"self":[{"href":"https:\/\/eldiariodesanpedro.com.ar\/sitio\/wp-json\/wp\/v2\/posts\/10325","targetHints":{"allow":["GET"]}}],"collection":[{"href":"https:\/\/eldiariodesanpedro.com.ar\/sitio\/wp-json\/wp\/v2\/posts"}],"about":[{"href":"https:\/\/eldiariodesanpedro.com.ar\/sitio\/wp-json\/wp\/v2\/types\/post"}],"author":[{"embeddable":true,"href":"https:\/\/eldiariodesanpedro.com.ar\/sitio\/wp-json\/wp\/v2\/users\/4"}],"replies":[{"embeddable":true,"href":"https:\/\/eldiariodesanpedro.com.ar\/sitio\/wp-json\/wp\/v2\/comments?post=10325"}],"version-history":[{"count":1,"href":"https:\/\/eldiariodesanpedro.com.ar\/sitio\/wp-json\/wp\/v2\/posts\/10325\/revisions"}],"predecessor-version":[{"id":10340,"href":"https:\/\/eldiariodesanpedro.com.ar\/sitio\/wp-json\/wp\/v2\/posts\/10325\/revisions\/10340"}],"wp:featuredmedia":[{"embeddable":true,"href":"https:\/\/eldiariodesanpedro.com.ar\/sitio\/wp-json\/wp\/v2\/media\/10339"}],"wp:attachment":[{"href":"https:\/\/eldiariodesanpedro.com.ar\/sitio\/wp-json\/wp\/v2\/media?parent=10325"}],"wp:term":[{"taxonomy":"category","embeddable":true,"href":"https:\/\/eldiariodesanpedro.com.ar\/sitio\/wp-json\/wp\/v2\/categories?post=10325"},{"taxonomy":"post_tag","embeddable":true,"href":"https:\/\/eldiariodesanpedro.com.ar\/sitio\/wp-json\/wp\/v2\/tags?post=10325"}],"curies":[{"name":"wp","href":"https:\/\/api.w.org\/{rel}","templated":true}]}}