{"id":103238,"date":"2022-01-21T10:24:36","date_gmt":"2022-01-21T13:24:36","guid":{"rendered":"https:\/\/eldiariodesanpedro.com.ar\/sitio\/?p=103238"},"modified":"2022-01-21T10:24:38","modified_gmt":"2022-01-21T13:24:38","slug":"allanaron-el-penal-de-san-nicolas-por-la-extorsion-a-un-hombre-que-pago-200-mil","status":"publish","type":"post","link":"https:\/\/eldiariodesanpedro.com.ar\/sitio\/allanaron-el-penal-de-san-nicolas-por-la-extorsion-a-un-hombre-que-pago-200-mil\/","title":{"rendered":"Allanaron el Penal de San Nicol\u00e1s por la extorsi\u00f3n a un hombre que pag\u00f3 $200 mil"},"content":{"rendered":"<!-- VideographyWP Plugin Message: Automatic video embedding prevented by plugin options. -->\n\n<p>La celda de un delincuente fue allanada este jueves en el marco de una causa en la que se investiga la extorsi\u00f3n a un hombre en Baradero. Tambi\u00e9n requisaron la casa de una mujer vinculada al hombre alojado en la UP3 de San Nicol\u00e1s. Investigan si las mismas personas est\u00e1n vinculadas a hechos similares ocurridos en San Pedro y la regi\u00f3n<\/p>\n\n\n\n<p>Una serie de hechos extorsivos son investigados por las distintas fiscal\u00edas del Departamento Judicial de San Nicol\u00e1s y este jueves la Sub DDI Baradero allan\u00f3 una celda de la Unidad Penal N\u00ba de esa ciudad en la que est\u00e1 alojado un preso que ser\u00eda el responsable de al menos uno de ellos. En paralelo, requisaron la casa de una mujer vinculada al delincuente en la que encontraron armas de fuego, varios tel\u00e9fonos celulares y municiones.<\/p>\n\n\n\n<p>La investigaci\u00f3n comenz\u00f3 con la denuncia de un hombre que pag\u00f3 $200 mil para no ser escrachado. La modalidad es la misma en pr\u00e1cticamente todos los casos. Contactan hombres por redes sociales con falsos perfiles de mujeres, los chats llegan hasta el intercambio de fotograf\u00edas y ah\u00ed comienza la extorsi\u00f3n: un hombre se comunica, le asegura que estuvo intercambiando contenido sexual con una menor de edad y pide dinero a cambio de silencio. Si la v\u00edctima paga, las amenazas no cesan, al punto en que terminan radicando la denuncia en la Justicia. En muchos casos la v\u00edctima llega a transferir dinero por temor a que su familia, o gente de su entorno, conozco lo ocurrido. En este caso, el delincuente afirm\u00f3 ser Polic\u00eda y asegur\u00f3 que no s\u00f3lo lo expondr\u00eda sino que adem\u00e1s le iniciar\u00eda una causa penal.<\/p>\n\n\n\n<p>Con intervenci\u00f3n de la UFI 9 de Baradero a cargo de Vicente G\u00f3mez; y del Juzgado de Garant\u00edas 1 a cargo de Rom\u00e1n Parodi, personal de Grupos Operativos de la Delegaci\u00f3n de Investigaciones aportaron el an\u00e1lisis de comunicaciones telef\u00f3nicas y registros de movimientos bancarios con los que lograron determinar el origen de las llamadas telef\u00f3nicas extorsivas (posteriores a los chats con la presunta mujer) y la cuenta de destino del dinero de la v\u00edctima.<br>El allanamiento en el Penal fue negativo. De todas maneras el preso fue notificado de la formaci\u00f3n de la causa en su contra; en tanto que del domicilio de calle Acevedo al 1100, en Baradero, secuestraron&nbsp; dos escopetas, una de ellas&nbsp; sin la debida documentaci\u00f3n para su tenencia, calibre 16 y una calibre 12\/70, con su respectiva documentaci\u00f3n; como as\u00ed tambi\u00e9n 36 cartuchos del calibre 12\/70, seis tel\u00e9fonos celulares, una tarjeta SIM, un CPU y elementos de inter\u00e9s para la causa.<br>Los investigadores creen que las mismas personas podr\u00edan estar detr\u00e1s de hechos similares ocurridos en la zona, lo que incluye a San Pedro. Mientras avanzan las investigaciones pidieron a la comunidad en general que en caso de recibir alg\u00fan llamado o mensajes, en los que exijan dinero con el fin de no ser procesados o investigado en alguna causa, no realicen ninguna transferencia bancaria o entrega de dinero y se dirijan a la Base de la Sub DDI Baradero, sita en calle Anchorena al 700; o a l<strong>a Oficina de San Pedro, en la planta alta de la terminal de \u00f3mnibus<\/strong>.<\/p>\n","protected":false},"excerpt":{"rendered":"<p>La celda de un delincuente fue allanada este jueves en el marco de una causa en la que se investiga la extorsi\u00f3n a un hombre en Baradero. Tambi\u00e9n requisaron la casa de una mujer vinculada al hombre alojado en la UP3 de San Nicol\u00e1s. Investigan si las mismas personas est\u00e1n vinculadas a hechos similares ocurridos [&hellip;]<\/p>\n","protected":false},"author":4,"featured_media":103239,"comment_status":"closed","ping_status":"closed","sticky":false,"template":"","format":"standard","meta":{"om_disable_all_campaigns":false,"_jetpack_memberships_contains_paid_content":false,"footnotes":""},"categories":[50,2,103],"tags":[197,33,95,19],"class_list":["post-103238","post","type-post","status-publish","format-standard","has-post-thumbnail","hentry","category-destacadas","category-locales","category-policiales-locales","tag-buenos-aires","tag-locales","tag-policiales","tag-san-pedro"],"aioseo_notices":[],"gutentor_comment":0,"jetpack_featured_media_url":"https:\/\/eldiariodesanpedro.com.ar\/sitio\/wp-content\/uploads\/2022\/01\/baradero.jpg","jetpack_shortlink":"https:\/\/wp.me\/p6RhLt-qR8","jetpack_sharing_enabled":true,"_links":{"self":[{"href":"https:\/\/eldiariodesanpedro.com.ar\/sitio\/wp-json\/wp\/v2\/posts\/103238","targetHints":{"allow":["GET"]}}],"collection":[{"href":"https:\/\/eldiariodesanpedro.com.ar\/sitio\/wp-json\/wp\/v2\/posts"}],"about":[{"href":"https:\/\/eldiariodesanpedro.com.ar\/sitio\/wp-json\/wp\/v2\/types\/post"}],"author":[{"embeddable":true,"href":"https:\/\/eldiariodesanpedro.com.ar\/sitio\/wp-json\/wp\/v2\/users\/4"}],"replies":[{"embeddable":true,"href":"https:\/\/eldiariodesanpedro.com.ar\/sitio\/wp-json\/wp\/v2\/comments?post=103238"}],"version-history":[{"count":1,"href":"https:\/\/eldiariodesanpedro.com.ar\/sitio\/wp-json\/wp\/v2\/posts\/103238\/revisions"}],"predecessor-version":[{"id":103240,"href":"https:\/\/eldiariodesanpedro.com.ar\/sitio\/wp-json\/wp\/v2\/posts\/103238\/revisions\/103240"}],"wp:featuredmedia":[{"embeddable":true,"href":"https:\/\/eldiariodesanpedro.com.ar\/sitio\/wp-json\/wp\/v2\/media\/103239"}],"wp:attachment":[{"href":"https:\/\/eldiariodesanpedro.com.ar\/sitio\/wp-json\/wp\/v2\/media?parent=103238"}],"wp:term":[{"taxonomy":"category","embeddable":true,"href":"https:\/\/eldiariodesanpedro.com.ar\/sitio\/wp-json\/wp\/v2\/categories?post=103238"},{"taxonomy":"post_tag","embeddable":true,"href":"https:\/\/eldiariodesanpedro.com.ar\/sitio\/wp-json\/wp\/v2\/tags?post=103238"}],"curies":[{"name":"wp","href":"https:\/\/api.w.org\/{rel}","templated":true}]}}