{"id":103234,"date":"2022-01-20T20:53:56","date_gmt":"2022-01-20T23:53:56","guid":{"rendered":"https:\/\/eldiariodesanpedro.com.ar\/sitio\/?p=103234"},"modified":"2022-01-20T20:53:58","modified_gmt":"2022-01-20T23:53:58","slug":"coronavirus-115-positivos-y-39-negativos-los-activos-1305-ademas-12-pacientes-internados","status":"publish","type":"post","link":"https:\/\/eldiariodesanpedro.com.ar\/sitio\/coronavirus-115-positivos-y-39-negativos-los-activos-1305-ademas-12-pacientes-internados\/","title":{"rendered":"Coronavirus: 115 positivos y 39 negativos, los activos 1305, adem\u00e1s 12 pacientes internados"},"content":{"rendered":"<!-- VideographyWP Plugin Message: Automatic video embedding prevented by plugin options. -->\n\n<p>La Secretar\u00eda de Salud de la Municipalidad de San Pedro brinda el informe oficial del d\u00eda de la fecha, en el seguimiento de la Pandemia de Covid-19.<\/p>\n\n\n\n<p>De acuerdo al criterio epidemiol\u00f3gico vigente se cargaron 10 altas.<\/p>\n\n\n\n<p>Se informa adem\u00e1s que hasta el momento se tiene registro de 12 pacientes internados. Once, en sala com\u00fan del Hospital y uno en UTI de COOPSER.<\/p>\n\n\n\n<p>Resumen actualizado de informaci\u00f3n oficial <br>Nuevos Positivos: 115 (80 PCR) <br>Nuevos Negativos: 39 (25 PCR) <br>Activos: 1305 <br>Recuperados: 7033 <br>Fallecidos: 249<\/p>\n\n\n\n<p>Los datos consignados en este informe corresponden procesados desde la Secretar\u00eda de Salud por test en centros oficiales y env\u00edos al Laboratorio CentraLab.<\/p>\n\n\n\n<p>&#x1f449; Completar esquema de vacunas<br>&#x1f449; Presentar PASE SANITARIO<br>&#x1f449; Usar adecuadamente el barbijo.<br>&#x1f449; Mantener la distancia m\u00ednima de 2 metros.<br>&#x1f449; Extremar la higiene de los espacios.<br>&#x1f449; Mantener las manos limpias.<\/p>\n","protected":false},"excerpt":{"rendered":"<p>La Secretar\u00eda de Salud de la Municipalidad de San Pedro brinda el informe oficial del d\u00eda de la fecha, en el seguimiento de la Pandemia de Covid-19. De acuerdo al criterio epidemiol\u00f3gico vigente se cargaron 10 altas. Se informa adem\u00e1s que hasta el momento se tiene registro de 12 pacientes internados. Once, en sala com\u00fan [&hellip;]<\/p>\n","protected":false},"author":4,"featured_media":93778,"comment_status":"closed","ping_status":"closed","sticky":false,"template":"","format":"standard","meta":{"om_disable_all_campaigns":false,"_jetpack_memberships_contains_paid_content":false,"footnotes":""},"categories":[50,101,2],"tags":[197,696,33,19],"class_list":["post-103234","post","type-post","status-publish","format-standard","has-post-thumbnail","hentry","category-destacadas","category-interes-general-locales","category-locales","tag-buenos-aires","tag-interes-general","tag-locales","tag-san-pedro"],"aioseo_notices":[],"gutentor_comment":0,"jetpack_featured_media_url":"https:\/\/eldiariodesanpedro.com.ar\/sitio\/wp-content\/uploads\/2021\/06\/coronavirus-asintomaticos-suponen-43-casos-positivos-5695.jpg","jetpack_shortlink":"https:\/\/wp.me\/p6RhLt-qR4","jetpack_sharing_enabled":true,"_links":{"self":[{"href":"https:\/\/eldiariodesanpedro.com.ar\/sitio\/wp-json\/wp\/v2\/posts\/103234","targetHints":{"allow":["GET"]}}],"collection":[{"href":"https:\/\/eldiariodesanpedro.com.ar\/sitio\/wp-json\/wp\/v2\/posts"}],"about":[{"href":"https:\/\/eldiariodesanpedro.com.ar\/sitio\/wp-json\/wp\/v2\/types\/post"}],"author":[{"embeddable":true,"href":"https:\/\/eldiariodesanpedro.com.ar\/sitio\/wp-json\/wp\/v2\/users\/4"}],"replies":[{"embeddable":true,"href":"https:\/\/eldiariodesanpedro.com.ar\/sitio\/wp-json\/wp\/v2\/comments?post=103234"}],"version-history":[{"count":1,"href":"https:\/\/eldiariodesanpedro.com.ar\/sitio\/wp-json\/wp\/v2\/posts\/103234\/revisions"}],"predecessor-version":[{"id":103235,"href":"https:\/\/eldiariodesanpedro.com.ar\/sitio\/wp-json\/wp\/v2\/posts\/103234\/revisions\/103235"}],"wp:featuredmedia":[{"embeddable":true,"href":"https:\/\/eldiariodesanpedro.com.ar\/sitio\/wp-json\/wp\/v2\/media\/93778"}],"wp:attachment":[{"href":"https:\/\/eldiariodesanpedro.com.ar\/sitio\/wp-json\/wp\/v2\/media?parent=103234"}],"wp:term":[{"taxonomy":"category","embeddable":true,"href":"https:\/\/eldiariodesanpedro.com.ar\/sitio\/wp-json\/wp\/v2\/categories?post=103234"},{"taxonomy":"post_tag","embeddable":true,"href":"https:\/\/eldiariodesanpedro.com.ar\/sitio\/wp-json\/wp\/v2\/tags?post=103234"}],"curies":[{"name":"wp","href":"https:\/\/api.w.org\/{rel}","templated":true}]}}