{"id":10323,"date":"2016-11-16T19:14:00","date_gmt":"2016-11-16T22:14:00","guid":{"rendered":"https:\/\/eldiariodesanpedro.com.ar\/sitio\/?p=10323"},"modified":"2016-11-16T19:14:00","modified_gmt":"2016-11-16T22:14:00","slug":"secuestran-una-moto-robada-2","status":"publish","type":"post","link":"https:\/\/eldiariodesanpedro.com.ar\/sitio\/secuestran-una-moto-robada-2\/","title":{"rendered":"Secuestran una moto robada"},"content":{"rendered":"<p><!-- VideographyWP Plugin Message: Automatic video embedding prevented by plugin options. --><br \/>\nEl martes en horas de la tarde se procedi\u00f3 al secuestro de una motocicleta 110 cc. en la intersecci\u00f3n de Nieto de Torres y 11 de septiembre conducida por un joven de 18 a\u00f1os de edad. El veh\u00edculo pose\u00eda pedido de secuestro activo bajo el delito de robo calificado, solicitado por la UFI N\u00ba 9 del departamento judicial de Zarate-Campana. Interviene en esta ocasi\u00f3n la UFI N\u00ba 5 de San Pedro.<\/p>\n","protected":false},"excerpt":{"rendered":"<p>El martes en horas de la tarde se procedi\u00f3 al secuestro de una motocicleta 110 cc. en la intersecci\u00f3n de Nieto de Torres y 11 de septiembre conducida por un joven de 18 a\u00f1os de edad. El veh\u00edculo pose\u00eda pedido de secuestro activo bajo el delito de robo calificado, solicitado por la UFI N\u00ba 9 [&hellip;]<\/p>\n","protected":false},"author":4,"featured_media":3029,"comment_status":"open","ping_status":"closed","sticky":false,"template":"","format":"standard","meta":{"om_disable_all_campaigns":false,"_jetpack_memberships_contains_paid_content":false,"footnotes":""},"categories":[2,103],"tags":[],"class_list":["post-10323","post","type-post","status-publish","format-standard","has-post-thumbnail","hentry","category-locales","category-policiales-locales"],"aioseo_notices":[],"gutentor_comment":0,"jetpack_featured_media_url":"https:\/\/eldiariodesanpedro.com.ar\/sitio\/wp-content\/uploads\/2016\/04\/moto-patrullero.jpg","jetpack_shortlink":"https:\/\/wp.me\/p6RhLt-2Gv","jetpack_sharing_enabled":true,"_links":{"self":[{"href":"https:\/\/eldiariodesanpedro.com.ar\/sitio\/wp-json\/wp\/v2\/posts\/10323","targetHints":{"allow":["GET"]}}],"collection":[{"href":"https:\/\/eldiariodesanpedro.com.ar\/sitio\/wp-json\/wp\/v2\/posts"}],"about":[{"href":"https:\/\/eldiariodesanpedro.com.ar\/sitio\/wp-json\/wp\/v2\/types\/post"}],"author":[{"embeddable":true,"href":"https:\/\/eldiariodesanpedro.com.ar\/sitio\/wp-json\/wp\/v2\/users\/4"}],"replies":[{"embeddable":true,"href":"https:\/\/eldiariodesanpedro.com.ar\/sitio\/wp-json\/wp\/v2\/comments?post=10323"}],"version-history":[{"count":1,"href":"https:\/\/eldiariodesanpedro.com.ar\/sitio\/wp-json\/wp\/v2\/posts\/10323\/revisions"}],"predecessor-version":[{"id":10324,"href":"https:\/\/eldiariodesanpedro.com.ar\/sitio\/wp-json\/wp\/v2\/posts\/10323\/revisions\/10324"}],"wp:featuredmedia":[{"embeddable":true,"href":"https:\/\/eldiariodesanpedro.com.ar\/sitio\/wp-json\/wp\/v2\/media\/3029"}],"wp:attachment":[{"href":"https:\/\/eldiariodesanpedro.com.ar\/sitio\/wp-json\/wp\/v2\/media?parent=10323"}],"wp:term":[{"taxonomy":"category","embeddable":true,"href":"https:\/\/eldiariodesanpedro.com.ar\/sitio\/wp-json\/wp\/v2\/categories?post=10323"},{"taxonomy":"post_tag","embeddable":true,"href":"https:\/\/eldiariodesanpedro.com.ar\/sitio\/wp-json\/wp\/v2\/tags?post=10323"}],"curies":[{"name":"wp","href":"https:\/\/api.w.org\/{rel}","templated":true}]}}