{"id":103229,"date":"2022-01-20T20:44:42","date_gmt":"2022-01-20T23:44:42","guid":{"rendered":"https:\/\/eldiariodesanpedro.com.ar\/sitio\/?p=103229"},"modified":"2022-01-20T20:44:44","modified_gmt":"2022-01-20T23:44:44","slug":"se-encontraron-grandes-cantidad-de-basura-en-las-alcantarillas-lo-que-provoca-las-anegaciones-de-las-calles","status":"publish","type":"post","link":"https:\/\/eldiariodesanpedro.com.ar\/sitio\/se-encontraron-grandes-cantidad-de-basura-en-las-alcantarillas-lo-que-provoca-las-anegaciones-de-las-calles\/","title":{"rendered":"Se encontraron grandes cantidad de basura en las alcantarillas, lo que provoca las anegaciones de las calles"},"content":{"rendered":"<!-- VideographyWP Plugin Message: Automatic video embedding prevented by plugin options. -->\n\n<p>La Secretar\u00eda de Servicios P\u00fablicos, junto al personal del Corral\u00f3n Municipal se encuentran realizando tareas de mantenimiento en zanjones, alcantarillas y bocas de tormenta en distintas zonas de la ciudad.<\/p>\n\n\n\n<p>Las tareas continuar\u00e1n en los pluviales del cuadrante comprendido por las calles Pellegrini, Mitre, Irlanda e Italia y se extender\u00e1n al resto de las calles c\u00e9ntricas. Adem\u00e1s, una retroexcavadora se encuentra realizando trabajos de limpieza en el zanj\u00f3n de Juan B. Justo, desde Sarmiento a hasta C. Noceda.<\/p>\n\n\n\n<p>Es importante reiterar el llamado a la solidaridad de todos para evitar la acumulaci\u00f3n de residuos en zanjas y alcantarillas, esta es una de las razones principales del anegamiento que sufren sectores aleda\u00f1os ante lluvias y tormentas.<\/p>\n\n\n\n<p>Entre todos debemos trabajar para evitar los problemas sanitarios, la degradaci\u00f3n del ambiente y las complicaciones que estas actitudes generan en la vida cotidiana.<\/p>\n\n\n\n<p>Desde la Secretar\u00eda de Servicios P\u00fablicos se continuar\u00e1n realizando los trabajos de limpieza necesarios pero estos no resultan suficientes sin el apoyo y el compromiso ciudadano.<\/p>\n\n\n\n<figure class=\"wp-block-image size-large\"><img decoding=\"async\" width=\"1024\" height=\"575\" data-attachment-id=\"103230\" data-permalink=\"https:\/\/eldiariodesanpedro.com.ar\/sitio\/se-encontraron-grandes-cantidad-de-basura-en-las-alcantarillas-lo-que-provoca-las-anegaciones-de-las-calles\/whatsapp-image-2022-01-20-at-13-05-45\/\" data-orig-file=\"https:\/\/eldiariodesanpedro.com.ar\/sitio\/wp-content\/uploads\/2022\/01\/WhatsApp-Image-2022-01-20-at-13.05.45.jpeg\" data-orig-size=\"1122,630\" data-comments-opened=\"0\" data-image-meta=\"{&quot;aperture&quot;:&quot;0&quot;,&quot;credit&quot;:&quot;&quot;,&quot;camera&quot;:&quot;&quot;,&quot;caption&quot;:&quot;&quot;,&quot;created_timestamp&quot;:&quot;0&quot;,&quot;copyright&quot;:&quot;&quot;,&quot;focal_length&quot;:&quot;0&quot;,&quot;iso&quot;:&quot;0&quot;,&quot;shutter_speed&quot;:&quot;0&quot;,&quot;title&quot;:&quot;&quot;,&quot;orientation&quot;:&quot;0&quot;}\" data-image-title=\"WhatsApp Image 2022-01-20 at 13.05.45\" data-image-description=\"\" data-image-caption=\"\" data-large-file=\"https:\/\/eldiariodesanpedro.com.ar\/sitio\/wp-content\/uploads\/2022\/01\/WhatsApp-Image-2022-01-20-at-13.05.45-1024x575.jpeg\" data-src=\"https:\/\/eldiariodesanpedro.com.ar\/sitio\/wp-content\/uploads\/2022\/01\/WhatsApp-Image-2022-01-20-at-13.05.45-1024x575.jpeg\" alt=\"\" class=\"wp-image-103230 lazyload\" data-srcset=\"https:\/\/eldiariodesanpedro.com.ar\/sitio\/wp-content\/uploads\/2022\/01\/WhatsApp-Image-2022-01-20-at-13.05.45-1024x575.jpeg 1024w, https:\/\/eldiariodesanpedro.com.ar\/sitio\/wp-content\/uploads\/2022\/01\/WhatsApp-Image-2022-01-20-at-13.05.45-300x168.jpeg 300w, https:\/\/eldiariodesanpedro.com.ar\/sitio\/wp-content\/uploads\/2022\/01\/WhatsApp-Image-2022-01-20-at-13.05.45-768x431.jpeg 768w, https:\/\/eldiariodesanpedro.com.ar\/sitio\/wp-content\/uploads\/2022\/01\/WhatsApp-Image-2022-01-20-at-13.05.45-800x450.jpeg 800w, https:\/\/eldiariodesanpedro.com.ar\/sitio\/wp-content\/uploads\/2022\/01\/WhatsApp-Image-2022-01-20-at-13.05.45.jpeg 1122w\" data-sizes=\"(max-width: 1024px) 100vw, 1024px\" src=\"data:image\/svg+xml;base64,PHN2ZyB3aWR0aD0iMSIgaGVpZ2h0PSIxIiB4bWxucz0iaHR0cDovL3d3dy53My5vcmcvMjAwMC9zdmciPjwvc3ZnPg==\" style=\"--smush-placeholder-width: 1024px; --smush-placeholder-aspect-ratio: 1024\/575;\" \/><\/figure>\n\n\n\n<figure class=\"wp-block-image size-large\"><img decoding=\"async\" width=\"1024\" height=\"575\" data-attachment-id=\"103231\" data-permalink=\"https:\/\/eldiariodesanpedro.com.ar\/sitio\/se-encontraron-grandes-cantidad-de-basura-en-las-alcantarillas-lo-que-provoca-las-anegaciones-de-las-calles\/whatsapp-image-2022-01-20-at-13-05-46-1\/\" data-orig-file=\"https:\/\/eldiariodesanpedro.com.ar\/sitio\/wp-content\/uploads\/2022\/01\/WhatsApp-Image-2022-01-20-at-13.05.46-1.jpeg\" data-orig-size=\"1122,630\" data-comments-opened=\"0\" data-image-meta=\"{&quot;aperture&quot;:&quot;0&quot;,&quot;credit&quot;:&quot;&quot;,&quot;camera&quot;:&quot;&quot;,&quot;caption&quot;:&quot;&quot;,&quot;created_timestamp&quot;:&quot;0&quot;,&quot;copyright&quot;:&quot;&quot;,&quot;focal_length&quot;:&quot;0&quot;,&quot;iso&quot;:&quot;0&quot;,&quot;shutter_speed&quot;:&quot;0&quot;,&quot;title&quot;:&quot;&quot;,&quot;orientation&quot;:&quot;0&quot;}\" data-image-title=\"WhatsApp Image 2022-01-20 at 13.05.46 (1)\" data-image-description=\"\" data-image-caption=\"\" data-large-file=\"https:\/\/eldiariodesanpedro.com.ar\/sitio\/wp-content\/uploads\/2022\/01\/WhatsApp-Image-2022-01-20-at-13.05.46-1-1024x575.jpeg\" data-src=\"https:\/\/eldiariodesanpedro.com.ar\/sitio\/wp-content\/uploads\/2022\/01\/WhatsApp-Image-2022-01-20-at-13.05.46-1-1024x575.jpeg\" alt=\"\" class=\"wp-image-103231 lazyload\" data-srcset=\"https:\/\/eldiariodesanpedro.com.ar\/sitio\/wp-content\/uploads\/2022\/01\/WhatsApp-Image-2022-01-20-at-13.05.46-1-1024x575.jpeg 1024w, https:\/\/eldiariodesanpedro.com.ar\/sitio\/wp-content\/uploads\/2022\/01\/WhatsApp-Image-2022-01-20-at-13.05.46-1-300x168.jpeg 300w, https:\/\/eldiariodesanpedro.com.ar\/sitio\/wp-content\/uploads\/2022\/01\/WhatsApp-Image-2022-01-20-at-13.05.46-1-768x431.jpeg 768w, https:\/\/eldiariodesanpedro.com.ar\/sitio\/wp-content\/uploads\/2022\/01\/WhatsApp-Image-2022-01-20-at-13.05.46-1-800x450.jpeg 800w, https:\/\/eldiariodesanpedro.com.ar\/sitio\/wp-content\/uploads\/2022\/01\/WhatsApp-Image-2022-01-20-at-13.05.46-1.jpeg 1122w\" data-sizes=\"(max-width: 1024px) 100vw, 1024px\" src=\"data:image\/svg+xml;base64,PHN2ZyB3aWR0aD0iMSIgaGVpZ2h0PSIxIiB4bWxucz0iaHR0cDovL3d3dy53My5vcmcvMjAwMC9zdmciPjwvc3ZnPg==\" style=\"--smush-placeholder-width: 1024px; --smush-placeholder-aspect-ratio: 1024\/575;\" \/><\/figure>\n","protected":false},"excerpt":{"rendered":"<p>La Secretar\u00eda de Servicios P\u00fablicos, junto al personal del Corral\u00f3n Municipal se encuentran realizando tareas de mantenimiento en zanjones, alcantarillas y bocas de tormenta en distintas zonas de la ciudad. Las tareas continuar\u00e1n en los pluviales del cuadrante comprendido por las calles Pellegrini, Mitre, Irlanda e Italia y se extender\u00e1n al resto de las calles [&hellip;]<\/p>\n","protected":false},"author":4,"featured_media":103232,"comment_status":"closed","ping_status":"closed","sticky":false,"template":"","format":"standard","meta":{"om_disable_all_campaigns":false,"_jetpack_memberships_contains_paid_content":false,"footnotes":""},"categories":[50,101,2],"tags":[197,696,33,19],"class_list":["post-103229","post","type-post","status-publish","format-standard","has-post-thumbnail","hentry","category-destacadas","category-interes-general-locales","category-locales","tag-buenos-aires","tag-interes-general","tag-locales","tag-san-pedro"],"aioseo_notices":[],"gutentor_comment":0,"jetpack_featured_media_url":"https:\/\/eldiariodesanpedro.com.ar\/sitio\/wp-content\/uploads\/2022\/01\/WhatsApp-Image-2022-01-20-at-13.05.46.jpeg","jetpack_shortlink":"https:\/\/wp.me\/p6RhLt-qQZ","jetpack_sharing_enabled":true,"_links":{"self":[{"href":"https:\/\/eldiariodesanpedro.com.ar\/sitio\/wp-json\/wp\/v2\/posts\/103229","targetHints":{"allow":["GET"]}}],"collection":[{"href":"https:\/\/eldiariodesanpedro.com.ar\/sitio\/wp-json\/wp\/v2\/posts"}],"about":[{"href":"https:\/\/eldiariodesanpedro.com.ar\/sitio\/wp-json\/wp\/v2\/types\/post"}],"author":[{"embeddable":true,"href":"https:\/\/eldiariodesanpedro.com.ar\/sitio\/wp-json\/wp\/v2\/users\/4"}],"replies":[{"embeddable":true,"href":"https:\/\/eldiariodesanpedro.com.ar\/sitio\/wp-json\/wp\/v2\/comments?post=103229"}],"version-history":[{"count":1,"href":"https:\/\/eldiariodesanpedro.com.ar\/sitio\/wp-json\/wp\/v2\/posts\/103229\/revisions"}],"predecessor-version":[{"id":103233,"href":"https:\/\/eldiariodesanpedro.com.ar\/sitio\/wp-json\/wp\/v2\/posts\/103229\/revisions\/103233"}],"wp:featuredmedia":[{"embeddable":true,"href":"https:\/\/eldiariodesanpedro.com.ar\/sitio\/wp-json\/wp\/v2\/media\/103232"}],"wp:attachment":[{"href":"https:\/\/eldiariodesanpedro.com.ar\/sitio\/wp-json\/wp\/v2\/media?parent=103229"}],"wp:term":[{"taxonomy":"category","embeddable":true,"href":"https:\/\/eldiariodesanpedro.com.ar\/sitio\/wp-json\/wp\/v2\/categories?post=103229"},{"taxonomy":"post_tag","embeddable":true,"href":"https:\/\/eldiariodesanpedro.com.ar\/sitio\/wp-json\/wp\/v2\/tags?post=103229"}],"curies":[{"name":"wp","href":"https:\/\/api.w.org\/{rel}","templated":true}]}}