{"id":103226,"date":"2022-01-20T20:32:43","date_gmt":"2022-01-20T23:32:43","guid":{"rendered":"https:\/\/eldiariodesanpedro.com.ar\/sitio\/?p=103226"},"modified":"2022-01-20T20:32:45","modified_gmt":"2022-01-20T23:32:45","slug":"pesar-por-el-fallecimiento-de-carlos-medici","status":"publish","type":"post","link":"https:\/\/eldiariodesanpedro.com.ar\/sitio\/pesar-por-el-fallecimiento-de-carlos-medici\/","title":{"rendered":"Pesar por el fallecimiento de Carlos M\u00e9dici"},"content":{"rendered":"<!-- VideographyWP Plugin Message: Automatic video embedding prevented by plugin options. -->\n\n<p>La Municipalidad de San Pedro expresa sus condolencias a la familia y amigos de Carlos M\u00e9dici, ex empleado municipal del \u00e1rea de Bromatolog\u00eda, recientemente jubilado y tambi\u00e9n Inspector General.<\/p>\n\n\n\n<p>Ante su fallecimiento ocurrido en el d\u00eda de hoy compartimos este mensaje, especialmente con todos los compa\u00f1eros que trabajaron con \u00e9l y deseamos que descanse en paz.<\/p>\n","protected":false},"excerpt":{"rendered":"<p>La Municipalidad de San Pedro expresa sus condolencias a la familia y amigos de Carlos M\u00e9dici, ex empleado municipal del \u00e1rea de Bromatolog\u00eda, recientemente jubilado y tambi\u00e9n Inspector General. Ante su fallecimiento ocurrido en el d\u00eda de hoy compartimos este mensaje, especialmente con todos los compa\u00f1eros que trabajaron con \u00e9l y deseamos que descanse en [&hellip;]<\/p>\n","protected":false},"author":4,"featured_media":103227,"comment_status":"closed","ping_status":"closed","sticky":false,"template":"","format":"standard","meta":{"om_disable_all_campaigns":false,"_jetpack_memberships_contains_paid_content":false,"footnotes":""},"categories":[50,101,2],"tags":[197,696,33,2627,19],"class_list":["post-103226","post","type-post","status-publish","format-standard","has-post-thumbnail","hentry","category-destacadas","category-interes-general-locales","category-locales","tag-buenos-aires","tag-interes-general","tag-locales","tag-pesar-por-el-fallecimiento-de-carlos-medici","tag-san-pedro"],"aioseo_notices":[],"gutentor_comment":0,"jetpack_featured_media_url":"https:\/\/eldiariodesanpedro.com.ar\/sitio\/wp-content\/uploads\/2022\/01\/medida-19.jpg","jetpack_shortlink":"https:\/\/wp.me\/p6RhLt-qQW","jetpack_sharing_enabled":true,"_links":{"self":[{"href":"https:\/\/eldiariodesanpedro.com.ar\/sitio\/wp-json\/wp\/v2\/posts\/103226","targetHints":{"allow":["GET"]}}],"collection":[{"href":"https:\/\/eldiariodesanpedro.com.ar\/sitio\/wp-json\/wp\/v2\/posts"}],"about":[{"href":"https:\/\/eldiariodesanpedro.com.ar\/sitio\/wp-json\/wp\/v2\/types\/post"}],"author":[{"embeddable":true,"href":"https:\/\/eldiariodesanpedro.com.ar\/sitio\/wp-json\/wp\/v2\/users\/4"}],"replies":[{"embeddable":true,"href":"https:\/\/eldiariodesanpedro.com.ar\/sitio\/wp-json\/wp\/v2\/comments?post=103226"}],"version-history":[{"count":1,"href":"https:\/\/eldiariodesanpedro.com.ar\/sitio\/wp-json\/wp\/v2\/posts\/103226\/revisions"}],"predecessor-version":[{"id":103228,"href":"https:\/\/eldiariodesanpedro.com.ar\/sitio\/wp-json\/wp\/v2\/posts\/103226\/revisions\/103228"}],"wp:featuredmedia":[{"embeddable":true,"href":"https:\/\/eldiariodesanpedro.com.ar\/sitio\/wp-json\/wp\/v2\/media\/103227"}],"wp:attachment":[{"href":"https:\/\/eldiariodesanpedro.com.ar\/sitio\/wp-json\/wp\/v2\/media?parent=103226"}],"wp:term":[{"taxonomy":"category","embeddable":true,"href":"https:\/\/eldiariodesanpedro.com.ar\/sitio\/wp-json\/wp\/v2\/categories?post=103226"},{"taxonomy":"post_tag","embeddable":true,"href":"https:\/\/eldiariodesanpedro.com.ar\/sitio\/wp-json\/wp\/v2\/tags?post=103226"}],"curies":[{"name":"wp","href":"https:\/\/api.w.org\/{rel}","templated":true}]}}