{"id":103222,"date":"2022-01-20T10:18:13","date_gmt":"2022-01-20T13:18:13","guid":{"rendered":"https:\/\/eldiariodesanpedro.com.ar\/sitio\/?p=103222"},"modified":"2022-01-20T10:18:15","modified_gmt":"2022-01-20T13:18:15","slug":"nuevas-masculinidades-dispositivo-grupal-para-varones-que-ejercen-violencia-por-razones-de-genero","status":"publish","type":"post","link":"https:\/\/eldiariodesanpedro.com.ar\/sitio\/nuevas-masculinidades-dispositivo-grupal-para-varones-que-ejercen-violencia-por-razones-de-genero\/","title":{"rendered":"Nuevas Masculinidades: Dispositivo grupal para varones que ejercen violencia por razones de g\u00e9nero"},"content":{"rendered":"<!-- VideographyWP Plugin Message: Automatic video embedding prevented by plugin options. -->\n\n<p>La Secretar\u00eda de Pol\u00edticas de G\u00e9nero, Mujeres y Diversidad informa que ha comenzado a funcionar en el \u00e1rea el dispositivo grupal destinado a aquellos varones que ejercen violencia por razones de g\u00e9nero. Los destinatarios a participar ser\u00e1n sujetos en conflicto con la Ley Penal, que sean derivados desde el propio sistema judicial, como aquellos que, voluntariamente y tras episodios de violencia, decidan anotarse voluntariamente con el objetivo de comenzar a construir nuevas formas de ejercer su masculinidad.<\/p>\n\n\n\n<p>El dispositivo en cuesti\u00f3n, que se suma a las herramientas disponibles en la Secretar\u00eda para mujeres y disidencias en situaciones de violencia de g\u00e9nero, convierte a San Pedro en uno de los 40 distritos bonaerenses que cuenta con esta herramienta, con el acompa\u00f1amiento del Ministerio de Justicia y Derechos Humanos de Naci\u00f3n; de las Mujeres Pol\u00edticas de G\u00e9nero y Diversidad Sexual de Provincia; y el Patronato de Liberados.<\/p>\n\n\n\n<p>Se trata de un espacio interdisciplinario, coordinado por el licenciado en Psicolog\u00eda Pablo De Igarz\u00e1bal, que tiene como objetivo el reconocimiento, desnaturalizaci\u00f3n y la responsabilizaci\u00f3n por parte de quienes ejercen violencia de g\u00e9nero, entendiendo que esto es fundamental para la transformaci\u00f3n de las relaciones de desigualdad existentes.<\/p>\n\n\n\n<p>Quienes est\u00e9n interesados en formar parte de este espacio de escucha e intercambio, podr\u00e1n solicitar una entrevista de admisi\u00f3n, comunic\u00e1ndose por tel\u00e9fono al 03329 399388, por mail a masculinidadessp@gmail.com, o bien personalmente en la Secretar\u00eda de Pol\u00edticas de G\u00e9nero, Mujeres y Diversidad, en Salta y San Mart\u00edn, de lunes a viernes de 08.00 a 14.00.<\/p>\n\n\n\n<figure class=\"wp-block-image size-full\"><img decoding=\"async\" width=\"630\" height=\"630\" data-attachment-id=\"103223\" data-permalink=\"https:\/\/eldiariodesanpedro.com.ar\/sitio\/nuevas-masculinidades-dispositivo-grupal-para-varones-que-ejercen-violencia-por-razones-de-genero\/whatsapp-image-2022-01-20-at-08-35-23\/\" data-orig-file=\"https:\/\/eldiariodesanpedro.com.ar\/sitio\/wp-content\/uploads\/2022\/01\/WhatsApp-Image-2022-01-20-at-08.35.23.jpeg\" data-orig-size=\"630,630\" data-comments-opened=\"0\" data-image-meta=\"{&quot;aperture&quot;:&quot;0&quot;,&quot;credit&quot;:&quot;&quot;,&quot;camera&quot;:&quot;&quot;,&quot;caption&quot;:&quot;&quot;,&quot;created_timestamp&quot;:&quot;0&quot;,&quot;copyright&quot;:&quot;&quot;,&quot;focal_length&quot;:&quot;0&quot;,&quot;iso&quot;:&quot;0&quot;,&quot;shutter_speed&quot;:&quot;0&quot;,&quot;title&quot;:&quot;&quot;,&quot;orientation&quot;:&quot;0&quot;}\" data-image-title=\"WhatsApp-Image-2022-01-20-at-08.35.23\" data-image-description=\"\" data-image-caption=\"\" data-large-file=\"https:\/\/eldiariodesanpedro.com.ar\/sitio\/wp-content\/uploads\/2022\/01\/WhatsApp-Image-2022-01-20-at-08.35.23.jpeg\" data-src=\"https:\/\/eldiariodesanpedro.com.ar\/sitio\/wp-content\/uploads\/2022\/01\/WhatsApp-Image-2022-01-20-at-08.35.23.jpeg\" alt=\"\" class=\"wp-image-103223 lazyload\" data-srcset=\"https:\/\/eldiariodesanpedro.com.ar\/sitio\/wp-content\/uploads\/2022\/01\/WhatsApp-Image-2022-01-20-at-08.35.23.jpeg 630w, https:\/\/eldiariodesanpedro.com.ar\/sitio\/wp-content\/uploads\/2022\/01\/WhatsApp-Image-2022-01-20-at-08.35.23-300x300.jpeg 300w, https:\/\/eldiariodesanpedro.com.ar\/sitio\/wp-content\/uploads\/2022\/01\/WhatsApp-Image-2022-01-20-at-08.35.23-150x150.jpeg 150w\" data-sizes=\"(max-width: 630px) 100vw, 630px\" src=\"data:image\/svg+xml;base64,PHN2ZyB3aWR0aD0iMSIgaGVpZ2h0PSIxIiB4bWxucz0iaHR0cDovL3d3dy53My5vcmcvMjAwMC9zdmciPjwvc3ZnPg==\" style=\"--smush-placeholder-width: 630px; --smush-placeholder-aspect-ratio: 630\/630;\" \/><\/figure>\n","protected":false},"excerpt":{"rendered":"<p>La Secretar\u00eda de Pol\u00edticas de G\u00e9nero, Mujeres y Diversidad informa que ha comenzado a funcionar en el \u00e1rea el dispositivo grupal destinado a aquellos varones que ejercen violencia por razones de g\u00e9nero. Los destinatarios a participar ser\u00e1n sujetos en conflicto con la Ley Penal, que sean derivados desde el propio sistema judicial, como aquellos que, [&hellip;]<\/p>\n","protected":false},"author":4,"featured_media":103224,"comment_status":"closed","ping_status":"closed","sticky":false,"template":"","format":"standard","meta":{"om_disable_all_campaigns":false,"_jetpack_memberships_contains_paid_content":false,"footnotes":""},"categories":[101,2],"tags":[197,696,33,2626,19],"class_list":["post-103222","post","type-post","status-publish","format-standard","has-post-thumbnail","hentry","category-interes-general-locales","category-locales","tag-buenos-aires","tag-interes-general","tag-locales","tag-nuevas-masculinidades-dispositivo-grupal-para-varones-que-ejercen-violencia-por-razones-de-genero","tag-san-pedro"],"aioseo_notices":[],"gutentor_comment":0,"jetpack_featured_media_url":"https:\/\/eldiariodesanpedro.com.ar\/sitio\/wp-content\/uploads\/2022\/01\/area-genero.jpg","jetpack_shortlink":"https:\/\/wp.me\/p6RhLt-qQS","jetpack_sharing_enabled":true,"_links":{"self":[{"href":"https:\/\/eldiariodesanpedro.com.ar\/sitio\/wp-json\/wp\/v2\/posts\/103222","targetHints":{"allow":["GET"]}}],"collection":[{"href":"https:\/\/eldiariodesanpedro.com.ar\/sitio\/wp-json\/wp\/v2\/posts"}],"about":[{"href":"https:\/\/eldiariodesanpedro.com.ar\/sitio\/wp-json\/wp\/v2\/types\/post"}],"author":[{"embeddable":true,"href":"https:\/\/eldiariodesanpedro.com.ar\/sitio\/wp-json\/wp\/v2\/users\/4"}],"replies":[{"embeddable":true,"href":"https:\/\/eldiariodesanpedro.com.ar\/sitio\/wp-json\/wp\/v2\/comments?post=103222"}],"version-history":[{"count":1,"href":"https:\/\/eldiariodesanpedro.com.ar\/sitio\/wp-json\/wp\/v2\/posts\/103222\/revisions"}],"predecessor-version":[{"id":103225,"href":"https:\/\/eldiariodesanpedro.com.ar\/sitio\/wp-json\/wp\/v2\/posts\/103222\/revisions\/103225"}],"wp:featuredmedia":[{"embeddable":true,"href":"https:\/\/eldiariodesanpedro.com.ar\/sitio\/wp-json\/wp\/v2\/media\/103224"}],"wp:attachment":[{"href":"https:\/\/eldiariodesanpedro.com.ar\/sitio\/wp-json\/wp\/v2\/media?parent=103222"}],"wp:term":[{"taxonomy":"category","embeddable":true,"href":"https:\/\/eldiariodesanpedro.com.ar\/sitio\/wp-json\/wp\/v2\/categories?post=103222"},{"taxonomy":"post_tag","embeddable":true,"href":"https:\/\/eldiariodesanpedro.com.ar\/sitio\/wp-json\/wp\/v2\/tags?post=103222"}],"curies":[{"name":"wp","href":"https:\/\/api.w.org\/{rel}","templated":true}]}}