{"id":103211,"date":"2022-01-20T09:56:52","date_gmt":"2022-01-20T12:56:52","guid":{"rendered":"https:\/\/eldiariodesanpedro.com.ar\/sitio\/?p=103211"},"modified":"2022-01-20T09:56:53","modified_gmt":"2022-01-20T12:56:53","slug":"importante-reconocimiento-para-el-laboratorio-del-hospital-2","status":"publish","type":"post","link":"https:\/\/eldiariodesanpedro.com.ar\/sitio\/importante-reconocimiento-para-el-laboratorio-del-hospital-2\/","title":{"rendered":"Importante reconocimiento para el Laboratorio del Hospital"},"content":{"rendered":"<!-- VideographyWP Plugin Message: Automatic video embedding prevented by plugin options. -->\n\n<p>Proviene desde el \u00abPrograma Nacional de Control de Calidad Bacteriol\u00f3gica\u00bb. Esta revisi\u00f3n es coordinada todos los a\u00f1os por el Servicio \u00abAntimicrobianos\u00bb, dependiente del Dpto. Bacteriolog\u00eda del Instituto Nacional de Enfermedades Infecciosas (INEI) Dr. Carlos Malbr\u00e1n.<\/p>\n\n\n\n<p>El Laboratorio del Hospital Emilio Ruffa, dirigido por el bioqu\u00edmico Adri\u00e1n Spoti, recibi\u00f3 la certificaci\u00f3n de excelencia otorgada por el Ministerio de Salud de la Naci\u00f3n, tras su participaci\u00f3n en el la encuesta 2021 del \u00abPrograma Nacional de Control de Calidad Bacteriol\u00f3gica\u00bb.&nbsp;<\/p>\n\n\n\n<p>Esta revisi\u00f3n es coordinada todos los a\u00f1os por el Servicio \u00abAntimicrobianos\u00bb, dependiente del Dpto. Bacteriolog\u00eda del Instituto Nacional de Enfermedades Infecciosas (INEI) Dr. Carlos Malbr\u00e1n, que permanentemente, y en especial en el contexto de la Pandemia de Covid 19, realiza un seguimiento de las \u00e1reas de diagn\u00f3stico referencial, programas de evaluaci\u00f3n externa de la calidad, formaci\u00f3n de recursos humanos y l\u00edneas de investigaci\u00f3n, vinculadas con este tema.<\/p>\n\n\n\n<p>La constancia recibida indica que el Laboratorio del Hospital Municipal de San Pedro \u00abdemostr\u00f3 un desempe\u00f1o excelente en la encuesta N\u00ba58 del Programa Nacional de Control de Calidad Bacteriol\u00f3gica correspondiente al a\u00f1o 2021.&nbsp;<\/p>\n\n\n\n<p>Una certificaci\u00f3n similar tambi\u00e9n se notific\u00f3 desde el Ministerio de Salud de la Provincia de Buenos Aires.&nbsp;<\/p>\n\n\n\n<p>Este reconocimiento se hace extensivo a todo el personal que trabaj\u00f3 y trabaja en este contexto tan complejo en el que debe responder a la demanda habitual del servicio y desde el 2020, al seguimiento de la Pandemia que a\u00fan hoy sigue exigiendo respuestas cotidianas.<\/p>\n\n\n\n<figure class=\"wp-block-image size-full\"><img decoding=\"async\" width=\"537\" height=\"509\" data-attachment-id=\"103209\" data-permalink=\"https:\/\/eldiariodesanpedro.com.ar\/sitio\/whatsapp-image-2022-01-20-at-08-59-18\/\" data-orig-file=\"https:\/\/eldiariodesanpedro.com.ar\/sitio\/wp-content\/uploads\/2022\/01\/WhatsApp-Image-2022-01-20-at-08.59.18.jpeg\" data-orig-size=\"537,509\" data-comments-opened=\"0\" data-image-meta=\"{&quot;aperture&quot;:&quot;0&quot;,&quot;credit&quot;:&quot;&quot;,&quot;camera&quot;:&quot;&quot;,&quot;caption&quot;:&quot;&quot;,&quot;created_timestamp&quot;:&quot;0&quot;,&quot;copyright&quot;:&quot;&quot;,&quot;focal_length&quot;:&quot;0&quot;,&quot;iso&quot;:&quot;0&quot;,&quot;shutter_speed&quot;:&quot;0&quot;,&quot;title&quot;:&quot;&quot;,&quot;orientation&quot;:&quot;0&quot;}\" data-image-title=\"WhatsApp-Image-2022-01-20-at-08.59.18\" data-image-description=\"\" data-image-caption=\"\" data-large-file=\"https:\/\/eldiariodesanpedro.com.ar\/sitio\/wp-content\/uploads\/2022\/01\/WhatsApp-Image-2022-01-20-at-08.59.18.jpeg\" data-src=\"https:\/\/eldiariodesanpedro.com.ar\/sitio\/wp-content\/uploads\/2022\/01\/WhatsApp-Image-2022-01-20-at-08.59.18.jpeg\" alt=\"\" class=\"wp-image-103209 lazyload\" data-srcset=\"https:\/\/eldiariodesanpedro.com.ar\/sitio\/wp-content\/uploads\/2022\/01\/WhatsApp-Image-2022-01-20-at-08.59.18.jpeg 537w, https:\/\/eldiariodesanpedro.com.ar\/sitio\/wp-content\/uploads\/2022\/01\/WhatsApp-Image-2022-01-20-at-08.59.18-300x284.jpeg 300w\" data-sizes=\"(max-width: 537px) 100vw, 537px\" src=\"data:image\/svg+xml;base64,PHN2ZyB3aWR0aD0iMSIgaGVpZ2h0PSIxIiB4bWxucz0iaHR0cDovL3d3dy53My5vcmcvMjAwMC9zdmciPjwvc3ZnPg==\" style=\"--smush-placeholder-width: 537px; --smush-placeholder-aspect-ratio: 537\/509;\" \/><\/figure>\n","protected":false},"excerpt":{"rendered":"<p>Proviene desde el \u00abPrograma Nacional de Control de Calidad Bacteriol\u00f3gica\u00bb. Esta revisi\u00f3n es coordinada todos los a\u00f1os por el Servicio \u00abAntimicrobianos\u00bb, dependiente del Dpto. Bacteriolog\u00eda del Instituto Nacional de Enfermedades Infecciosas (INEI) Dr. Carlos Malbr\u00e1n. El Laboratorio del Hospital Emilio Ruffa, dirigido por el bioqu\u00edmico Adri\u00e1n Spoti, recibi\u00f3 la certificaci\u00f3n de excelencia otorgada por el [&hellip;]<\/p>\n","protected":false},"author":4,"featured_media":103212,"comment_status":"closed","ping_status":"closed","sticky":false,"template":"","format":"standard","meta":{"om_disable_all_campaigns":false,"_jetpack_memberships_contains_paid_content":false,"footnotes":""},"categories":[50,101,2],"tags":[197,2625,696,33,19],"class_list":["post-103211","post","type-post","status-publish","format-standard","has-post-thumbnail","hentry","category-destacadas","category-interes-general-locales","category-locales","tag-buenos-aires","tag-importante-reconocimiento-para-el-laboratorio-del-hospital","tag-interes-general","tag-locales","tag-san-pedro"],"aioseo_notices":[],"gutentor_comment":0,"jetpack_featured_media_url":"https:\/\/eldiariodesanpedro.com.ar\/sitio\/wp-content\/uploads\/2022\/01\/f608x342-144286_174009_15.jpeg","jetpack_shortlink":"https:\/\/wp.me\/p6RhLt-qQH","jetpack_sharing_enabled":true,"_links":{"self":[{"href":"https:\/\/eldiariodesanpedro.com.ar\/sitio\/wp-json\/wp\/v2\/posts\/103211","targetHints":{"allow":["GET"]}}],"collection":[{"href":"https:\/\/eldiariodesanpedro.com.ar\/sitio\/wp-json\/wp\/v2\/posts"}],"about":[{"href":"https:\/\/eldiariodesanpedro.com.ar\/sitio\/wp-json\/wp\/v2\/types\/post"}],"author":[{"embeddable":true,"href":"https:\/\/eldiariodesanpedro.com.ar\/sitio\/wp-json\/wp\/v2\/users\/4"}],"replies":[{"embeddable":true,"href":"https:\/\/eldiariodesanpedro.com.ar\/sitio\/wp-json\/wp\/v2\/comments?post=103211"}],"version-history":[{"count":1,"href":"https:\/\/eldiariodesanpedro.com.ar\/sitio\/wp-json\/wp\/v2\/posts\/103211\/revisions"}],"predecessor-version":[{"id":103213,"href":"https:\/\/eldiariodesanpedro.com.ar\/sitio\/wp-json\/wp\/v2\/posts\/103211\/revisions\/103213"}],"wp:featuredmedia":[{"embeddable":true,"href":"https:\/\/eldiariodesanpedro.com.ar\/sitio\/wp-json\/wp\/v2\/media\/103212"}],"wp:attachment":[{"href":"https:\/\/eldiariodesanpedro.com.ar\/sitio\/wp-json\/wp\/v2\/media?parent=103211"}],"wp:term":[{"taxonomy":"category","embeddable":true,"href":"https:\/\/eldiariodesanpedro.com.ar\/sitio\/wp-json\/wp\/v2\/categories?post=103211"},{"taxonomy":"post_tag","embeddable":true,"href":"https:\/\/eldiariodesanpedro.com.ar\/sitio\/wp-json\/wp\/v2\/tags?post=103211"}],"curies":[{"name":"wp","href":"https:\/\/api.w.org\/{rel}","templated":true}]}}