{"id":103206,"date":"2022-01-20T10:03:29","date_gmt":"2022-01-20T13:03:29","guid":{"rendered":"https:\/\/eldiariodesanpedro.com.ar\/sitio\/?p=103206"},"modified":"2022-01-20T10:03:31","modified_gmt":"2022-01-20T13:03:31","slug":"un-violento-aprehendido-tras-agredir-a-su-ex-pareja-y-romper-parte-de-la-vivienda","status":"publish","type":"post","link":"https:\/\/eldiariodesanpedro.com.ar\/sitio\/un-violento-aprehendido-tras-agredir-a-su-ex-pareja-y-romper-parte-de-la-vivienda\/","title":{"rendered":"Un violento aprehendido tras agredir a su ex pareja y romper parte de la vivienda"},"content":{"rendered":"<!-- VideographyWP Plugin Message: Automatic video embedding prevented by plugin options. -->\n\n<p>Promediando las 21 horas, el personal policial tras ser alertado acude a la calle Miguel Porta al 2400, donde procede a la aprehensi\u00f3n de masculino de 37 a\u00f1os de edad, quien instantes previo refiri\u00f3 amenazas verbales a su ex pareja mujer de 26 a\u00f1os de edad y provoc\u00f3 da\u00f1o en port\u00f3n de acceso a la vivienda donde reside la v\u00edctima.&nbsp;<\/p>\n\n\n\n<p>Interviene la fiscal\u00eda N\u00ba 5 de San Pedro la v\u00edctima asistida en la Comisar\u00eda de la Mujer y la Familia local, y por su parte el violento permanece alojado en la comisar\u00eda local a disposici\u00f3n de la fiscal\u00eda local.<\/p>\n","protected":false},"excerpt":{"rendered":"<p>Promediando las 21 horas, el personal policial tras ser alertado acude a la calle Miguel Porta al 2400, donde procede a la aprehensi\u00f3n de masculino de 37 a\u00f1os de edad, quien instantes previo refiri\u00f3 amenazas verbales a su ex pareja mujer de 26 a\u00f1os de edad y provoc\u00f3 da\u00f1o en port\u00f3n de acceso a la [&hellip;]<\/p>\n","protected":false},"author":4,"featured_media":103217,"comment_status":"closed","ping_status":"closed","sticky":false,"template":"","format":"standard","meta":{"om_disable_all_campaigns":false,"_jetpack_memberships_contains_paid_content":false,"footnotes":""},"categories":[50,2,103],"tags":[197,33,95,19,2624],"class_list":["post-103206","post","type-post","status-publish","format-standard","has-post-thumbnail","hentry","category-destacadas","category-locales","category-policiales-locales","tag-buenos-aires","tag-locales","tag-policiales","tag-san-pedro","tag-un-violento-aprehendido-tras-agredir-a-su-ex-pareja-y-romper-parte-de-la-vivienda"],"aioseo_notices":[],"gutentor_comment":0,"jetpack_featured_media_url":"https:\/\/eldiariodesanpedro.com.ar\/sitio\/wp-content\/uploads\/2022\/01\/WhatsApp-Image-2022-01-20-at-09.51.40.jpeg","jetpack_shortlink":"https:\/\/wp.me\/p6RhLt-qQC","jetpack_sharing_enabled":true,"_links":{"self":[{"href":"https:\/\/eldiariodesanpedro.com.ar\/sitio\/wp-json\/wp\/v2\/posts\/103206","targetHints":{"allow":["GET"]}}],"collection":[{"href":"https:\/\/eldiariodesanpedro.com.ar\/sitio\/wp-json\/wp\/v2\/posts"}],"about":[{"href":"https:\/\/eldiariodesanpedro.com.ar\/sitio\/wp-json\/wp\/v2\/types\/post"}],"author":[{"embeddable":true,"href":"https:\/\/eldiariodesanpedro.com.ar\/sitio\/wp-json\/wp\/v2\/users\/4"}],"replies":[{"embeddable":true,"href":"https:\/\/eldiariodesanpedro.com.ar\/sitio\/wp-json\/wp\/v2\/comments?post=103206"}],"version-history":[{"count":1,"href":"https:\/\/eldiariodesanpedro.com.ar\/sitio\/wp-json\/wp\/v2\/posts\/103206\/revisions"}],"predecessor-version":[{"id":103207,"href":"https:\/\/eldiariodesanpedro.com.ar\/sitio\/wp-json\/wp\/v2\/posts\/103206\/revisions\/103207"}],"wp:featuredmedia":[{"embeddable":true,"href":"https:\/\/eldiariodesanpedro.com.ar\/sitio\/wp-json\/wp\/v2\/media\/103217"}],"wp:attachment":[{"href":"https:\/\/eldiariodesanpedro.com.ar\/sitio\/wp-json\/wp\/v2\/media?parent=103206"}],"wp:term":[{"taxonomy":"category","embeddable":true,"href":"https:\/\/eldiariodesanpedro.com.ar\/sitio\/wp-json\/wp\/v2\/categories?post=103206"},{"taxonomy":"post_tag","embeddable":true,"href":"https:\/\/eldiariodesanpedro.com.ar\/sitio\/wp-json\/wp\/v2\/tags?post=103206"}],"curies":[{"name":"wp","href":"https:\/\/api.w.org\/{rel}","templated":true}]}}