{"id":103204,"date":"2022-01-20T09:59:46","date_gmt":"2022-01-20T12:59:46","guid":{"rendered":"https:\/\/eldiariodesanpedro.com.ar\/sitio\/?p=103204"},"modified":"2022-01-20T09:59:48","modified_gmt":"2022-01-20T12:59:48","slug":"allanamiento-en-santa-lucia-por-casos-de-abigeato-pero-se-encontraron-plantas-de-marihuana","status":"publish","type":"post","link":"https:\/\/eldiariodesanpedro.com.ar\/sitio\/allanamiento-en-santa-lucia-por-casos-de-abigeato-pero-se-encontraron-plantas-de-marihuana\/","title":{"rendered":"Allanamiento en Santa Luc\u00eda por casos de abigeato, pero se encontraron plantas de marihuana"},"content":{"rendered":"<!-- VideographyWP Plugin Message: Automatic video embedding prevented by plugin options. -->\n\n<p>El personal policial del Destacamento de Santa Luc\u00eda, junto al personal de CPR San Pedro, diligenciaron sendas \u00f3rdenes de allanamiento extendidas por la justicia ordinaria y que fueran solicitadas en el marco de tareas investigativas hecho \u201cabigeato\u201d&nbsp; acaecido el Paraje Ingeniero Moneta de Santa Luc\u00eda denunciado el lunes pasado.&nbsp;<\/p>\n\n\n\n<p>Los domicilios allanados resultaron en Santa Lucia. No se encontr\u00f3 elementos buscados dedicados a la faena clandestina.&nbsp;<\/p>\n\n\n\n<p>En uno\u00a0 de los objetivos calle\u00a0 Sargento Cabral. 900 Santa Luc\u00eda donde reside una mujer de 36 y un ciudadano de 27 a\u00f1os de edad, se procedi\u00f3 al secuestro de cinco plantas de 2 metros de largo aproximadamente de marihuana y seis macetas con misma sustancia.<\/p>\n\n\n\n<figure class=\"wp-block-image size-full\"><img decoding=\"async\" width=\"840\" height=\"630\" data-attachment-id=\"103215\" data-permalink=\"https:\/\/eldiariodesanpedro.com.ar\/sitio\/allanamiento-en-santa-lucia-por-casos-de-abigeato-pero-se-encontraron-plantas-de-marihuana\/whatsapp-image-2022-01-20-at-09-50-55\/\" data-orig-file=\"https:\/\/eldiariodesanpedro.com.ar\/sitio\/wp-content\/uploads\/2022\/01\/WhatsApp-Image-2022-01-20-at-09.50.55.jpeg\" data-orig-size=\"840,630\" data-comments-opened=\"0\" data-image-meta=\"{&quot;aperture&quot;:&quot;0&quot;,&quot;credit&quot;:&quot;&quot;,&quot;camera&quot;:&quot;&quot;,&quot;caption&quot;:&quot;&quot;,&quot;created_timestamp&quot;:&quot;0&quot;,&quot;copyright&quot;:&quot;&quot;,&quot;focal_length&quot;:&quot;0&quot;,&quot;iso&quot;:&quot;0&quot;,&quot;shutter_speed&quot;:&quot;0&quot;,&quot;title&quot;:&quot;&quot;,&quot;orientation&quot;:&quot;0&quot;}\" data-image-title=\"WhatsApp Image 2022-01-20 at 09.50.55\" data-image-description=\"\" data-image-caption=\"\" data-large-file=\"https:\/\/eldiariodesanpedro.com.ar\/sitio\/wp-content\/uploads\/2022\/01\/WhatsApp-Image-2022-01-20-at-09.50.55.jpeg\" data-src=\"https:\/\/eldiariodesanpedro.com.ar\/sitio\/wp-content\/uploads\/2022\/01\/WhatsApp-Image-2022-01-20-at-09.50.55.jpeg\" alt=\"\" class=\"wp-image-103215 lazyload\" data-srcset=\"https:\/\/eldiariodesanpedro.com.ar\/sitio\/wp-content\/uploads\/2022\/01\/WhatsApp-Image-2022-01-20-at-09.50.55.jpeg 840w, https:\/\/eldiariodesanpedro.com.ar\/sitio\/wp-content\/uploads\/2022\/01\/WhatsApp-Image-2022-01-20-at-09.50.55-300x225.jpeg 300w, https:\/\/eldiariodesanpedro.com.ar\/sitio\/wp-content\/uploads\/2022\/01\/WhatsApp-Image-2022-01-20-at-09.50.55-768x576.jpeg 768w, https:\/\/eldiariodesanpedro.com.ar\/sitio\/wp-content\/uploads\/2022\/01\/WhatsApp-Image-2022-01-20-at-09.50.55-500x375.jpeg 500w\" data-sizes=\"(max-width: 840px) 100vw, 840px\" src=\"data:image\/svg+xml;base64,PHN2ZyB3aWR0aD0iMSIgaGVpZ2h0PSIxIiB4bWxucz0iaHR0cDovL3d3dy53My5vcmcvMjAwMC9zdmciPjwvc3ZnPg==\" style=\"--smush-placeholder-width: 840px; --smush-placeholder-aspect-ratio: 840\/630;\" \/><\/figure>\n","protected":false},"excerpt":{"rendered":"<p>El personal policial del Destacamento de Santa Luc\u00eda, junto al personal de CPR San Pedro, diligenciaron sendas \u00f3rdenes de allanamiento extendidas por la justicia ordinaria y que fueran solicitadas en el marco de tareas investigativas hecho \u201cabigeato\u201d&nbsp; acaecido el Paraje Ingeniero Moneta de Santa Luc\u00eda denunciado el lunes pasado.&nbsp; Los domicilios allanados resultaron en Santa [&hellip;]<\/p>\n","protected":false},"author":4,"featured_media":103214,"comment_status":"closed","ping_status":"closed","sticky":false,"template":"","format":"standard","meta":{"om_disable_all_campaigns":false,"_jetpack_memberships_contains_paid_content":false,"footnotes":""},"categories":[50,2,103],"tags":[2622,197,696,33,2623,19],"class_list":["post-103204","post","type-post","status-publish","format-standard","has-post-thumbnail","hentry","category-destacadas","category-locales","category-policiales-locales","tag-allanamiento-en-santa-lucia-por-casos-de-abigeato","tag-buenos-aires","tag-interes-general","tag-locales","tag-pero-se-encontraron-plantas-de-marihuana","tag-san-pedro"],"aioseo_notices":[],"gutentor_comment":0,"jetpack_featured_media_url":"https:\/\/eldiariodesanpedro.com.ar\/sitio\/wp-content\/uploads\/2022\/01\/WhatsApp-Image-2022-01-20-at-09.50.55-1.jpeg","jetpack_shortlink":"https:\/\/wp.me\/p6RhLt-qQA","jetpack_sharing_enabled":true,"_links":{"self":[{"href":"https:\/\/eldiariodesanpedro.com.ar\/sitio\/wp-json\/wp\/v2\/posts\/103204","targetHints":{"allow":["GET"]}}],"collection":[{"href":"https:\/\/eldiariodesanpedro.com.ar\/sitio\/wp-json\/wp\/v2\/posts"}],"about":[{"href":"https:\/\/eldiariodesanpedro.com.ar\/sitio\/wp-json\/wp\/v2\/types\/post"}],"author":[{"embeddable":true,"href":"https:\/\/eldiariodesanpedro.com.ar\/sitio\/wp-json\/wp\/v2\/users\/4"}],"replies":[{"embeddable":true,"href":"https:\/\/eldiariodesanpedro.com.ar\/sitio\/wp-json\/wp\/v2\/comments?post=103204"}],"version-history":[{"count":2,"href":"https:\/\/eldiariodesanpedro.com.ar\/sitio\/wp-json\/wp\/v2\/posts\/103204\/revisions"}],"predecessor-version":[{"id":103216,"href":"https:\/\/eldiariodesanpedro.com.ar\/sitio\/wp-json\/wp\/v2\/posts\/103204\/revisions\/103216"}],"wp:featuredmedia":[{"embeddable":true,"href":"https:\/\/eldiariodesanpedro.com.ar\/sitio\/wp-json\/wp\/v2\/media\/103214"}],"wp:attachment":[{"href":"https:\/\/eldiariodesanpedro.com.ar\/sitio\/wp-json\/wp\/v2\/media?parent=103204"}],"wp:term":[{"taxonomy":"category","embeddable":true,"href":"https:\/\/eldiariodesanpedro.com.ar\/sitio\/wp-json\/wp\/v2\/categories?post=103204"},{"taxonomy":"post_tag","embeddable":true,"href":"https:\/\/eldiariodesanpedro.com.ar\/sitio\/wp-json\/wp\/v2\/tags?post=103204"}],"curies":[{"name":"wp","href":"https:\/\/api.w.org\/{rel}","templated":true}]}}