{"id":103202,"date":"2022-01-20T09:18:59","date_gmt":"2022-01-20T12:18:59","guid":{"rendered":"https:\/\/eldiariodesanpedro.com.ar\/sitio\/?p=103202"},"modified":"2022-01-20T09:19:00","modified_gmt":"2022-01-20T12:19:00","slug":"cronograma-de-cobros-de-anses-para-hoy-jueves","status":"publish","type":"post","link":"https:\/\/eldiariodesanpedro.com.ar\/sitio\/cronograma-de-cobros-de-anses-para-hoy-jueves\/","title":{"rendered":"Cronograma de cobros de Anses para hoy jueves"},"content":{"rendered":"<!-- VideographyWP Plugin Message: Automatic video embedding prevented by plugin options. -->\n\n<p>ANSES informa que hoy se abonan jubilaciones, pensiones, Asignaci\u00f3n Universal por Hijo, Asignaciones Familiares, Asignaci\u00f3n por Embarazo y los programas Alimentar para AUH y Hogar.<\/p>\n\n\n\n<p><strong>Jubilaciones&nbsp;y&nbsp;pensiones&nbsp;<\/strong><\/p>\n\n\n\n<p>Las sucursales bancarias habilitadas atender\u00e1n por ventanilla a jubilados, jubiladas, pensionados y pensionadas con documentos terminados en&nbsp;<strong>7&nbsp;<\/strong>cuyos<strong>&nbsp;haberes NO SUPEREN la suma de 32.664 pesos<\/strong>.<\/p>\n\n\n\n<p><strong>Asignaci\u00f3n Universal por Hijo y Asignaci\u00f3n Familiar por Hijo<\/strong><\/p>\n\n\n\n<p>Con la utilizaci\u00f3n de la tarjeta de d\u00e9bito, hoy perciben la Asignaci\u00f3n Universal por Hijo y la Asignaci\u00f3n Familiar por Hijo titulares con documentos concluidos en&nbsp;<strong>7<\/strong>.<\/p>\n\n\n\n<p><strong>Asignaci\u00f3n por Embarazo<\/strong><\/p>\n\n\n\n<p>Con la utilizaci\u00f3n de la tarjeta de d\u00e9bito, hoy cobran la Asignaci\u00f3n por Embarazo las titulares con documentos finalizados en&nbsp;<strong>8<\/strong>.<\/p>\n\n\n\n<p><strong>Programa Alimentar<\/strong><\/p>\n\n\n\n<p>En el marco del Plan Argentina contra el Hambre del Ministerio de Desarrollo Social, ANSES acompa\u00f1a con el pago del programa Alimentar. Hoy&nbsp;cobran titulares de&nbsp;<strong>AUH<\/strong>&nbsp;con documentos terminados en&nbsp;<strong>7<\/strong>&nbsp;en la misma cuenta de la prestaci\u00f3n.<\/p>\n\n\n\n<p><strong>Programa Hogar<\/strong><\/p>\n\n\n\n<p>ANSES y la Secretar\u00eda de Energ\u00eda impulsan en conjunto el Programa Hogar, mediante el cual se otorga un subsidio para la compra&nbsp;de garrafas en viviendas que no est\u00e1n conectadas a la red de gas natural.&nbsp;Hoy&nbsp;cobran este beneficio las personas con documentos concluidos en&nbsp;<strong>7<\/strong>.<\/p>\n","protected":false},"excerpt":{"rendered":"<p>ANSES informa que hoy se abonan jubilaciones, pensiones, Asignaci\u00f3n Universal por Hijo, Asignaciones Familiares, Asignaci\u00f3n por Embarazo y los programas Alimentar para AUH y Hogar. Jubilaciones&nbsp;y&nbsp;pensiones&nbsp; Las sucursales bancarias habilitadas atender\u00e1n por ventanilla a jubilados, jubiladas, pensionados y pensionadas con documentos terminados en&nbsp;7&nbsp;cuyos&nbsp;haberes NO SUPEREN la suma de 32.664 pesos. Asignaci\u00f3n Universal por Hijo y [&hellip;]<\/p>\n","protected":false},"author":4,"featured_media":74872,"comment_status":"closed","ping_status":"closed","sticky":false,"template":"","format":"standard","meta":{"om_disable_all_campaigns":false,"_jetpack_memberships_contains_paid_content":false,"footnotes":""},"categories":[101,2],"tags":[197,696,33,19],"class_list":["post-103202","post","type-post","status-publish","format-standard","has-post-thumbnail","hentry","category-interes-general-locales","category-locales","tag-buenos-aires","tag-interes-general","tag-locales","tag-san-pedro"],"aioseo_notices":[],"gutentor_comment":0,"jetpack_featured_media_url":"https:\/\/eldiariodesanpedro.com.ar\/sitio\/wp-content\/uploads\/2020\/06\/SM-anses-07052020.jpeg","jetpack_shortlink":"https:\/\/wp.me\/p6RhLt-qQy","jetpack_sharing_enabled":true,"_links":{"self":[{"href":"https:\/\/eldiariodesanpedro.com.ar\/sitio\/wp-json\/wp\/v2\/posts\/103202","targetHints":{"allow":["GET"]}}],"collection":[{"href":"https:\/\/eldiariodesanpedro.com.ar\/sitio\/wp-json\/wp\/v2\/posts"}],"about":[{"href":"https:\/\/eldiariodesanpedro.com.ar\/sitio\/wp-json\/wp\/v2\/types\/post"}],"author":[{"embeddable":true,"href":"https:\/\/eldiariodesanpedro.com.ar\/sitio\/wp-json\/wp\/v2\/users\/4"}],"replies":[{"embeddable":true,"href":"https:\/\/eldiariodesanpedro.com.ar\/sitio\/wp-json\/wp\/v2\/comments?post=103202"}],"version-history":[{"count":1,"href":"https:\/\/eldiariodesanpedro.com.ar\/sitio\/wp-json\/wp\/v2\/posts\/103202\/revisions"}],"predecessor-version":[{"id":103203,"href":"https:\/\/eldiariodesanpedro.com.ar\/sitio\/wp-json\/wp\/v2\/posts\/103202\/revisions\/103203"}],"wp:featuredmedia":[{"embeddable":true,"href":"https:\/\/eldiariodesanpedro.com.ar\/sitio\/wp-json\/wp\/v2\/media\/74872"}],"wp:attachment":[{"href":"https:\/\/eldiariodesanpedro.com.ar\/sitio\/wp-json\/wp\/v2\/media?parent=103202"}],"wp:term":[{"taxonomy":"category","embeddable":true,"href":"https:\/\/eldiariodesanpedro.com.ar\/sitio\/wp-json\/wp\/v2\/categories?post=103202"},{"taxonomy":"post_tag","embeddable":true,"href":"https:\/\/eldiariodesanpedro.com.ar\/sitio\/wp-json\/wp\/v2\/tags?post=103202"}],"curies":[{"name":"wp","href":"https:\/\/api.w.org\/{rel}","templated":true}]}}