{"id":103190,"date":"2022-01-19T13:57:48","date_gmt":"2022-01-19T16:57:48","guid":{"rendered":"https:\/\/eldiariodesanpedro.com.ar\/sitio\/?p=103190"},"modified":"2022-01-19T13:57:50","modified_gmt":"2022-01-19T16:57:50","slug":"coronavirus-64-positivos-y-25-negativos-1200-personas-aisladas-cursando-la-enfermedad","status":"publish","type":"post","link":"https:\/\/eldiariodesanpedro.com.ar\/sitio\/coronavirus-64-positivos-y-25-negativos-1200-personas-aisladas-cursando-la-enfermedad\/","title":{"rendered":"Coronavirus: 64 positivos y 25 negativos, 1200 personas aisladas cursando la enfermedad"},"content":{"rendered":"<!-- VideographyWP Plugin Message: Automatic video embedding prevented by plugin options. -->\n\n<p>La Secretar\u00eda de Salud de la Municipalidad de San Pedro brinda el informe oficial del d\u00eda de la fecha, en el seguimiento de la Pandemia de Covid-19.<\/p>\n\n\n\n<p>Se informa el fallecimiento de un hombre de 63 a\u00f1os con Covid-19 positivo que se encontraba internado en la Unidad de Terapia Intensiva del Hospital.<\/p>\n\n\n\n<p>De acuerdo al criterio epidemiol\u00f3gico vigente se cargaron 90 altas.<\/p>\n\n\n\n<p>Resumen actualizado de informaci\u00f3n oficial <br>Nuevos Positivos: 64 <br>Nuevos Negativos: 25 <br>Activos: 1200 ><br>Recuperados: 7023 <br>Fallecidos: 249<\/p>\n\n\n\n<p>Los datos consignados en este informe corresponden procesados desde la Secretar\u00eda de Salud por test en centros oficiales y env\u00edos al Laboratorio CentraLab.<\/p>\n\n\n\n<p>&#x1f449; Completar esquema de vacunas<br>&#x1f449; Presentar PASE SANITARIO<br>&#x1f449; Usar adecuadamente el barbijo.<br>&#x1f449; Mantener la distancia m\u00ednima de 2 metros.<br>&#x1f449; Extremar la higiene de los espacios.<br>&#x1f449; Mantener las manos limpias.<\/p>\n","protected":false},"excerpt":{"rendered":"<p>La Secretar\u00eda de Salud de la Municipalidad de San Pedro brinda el informe oficial del d\u00eda de la fecha, en el seguimiento de la Pandemia de Covid-19. Se informa el fallecimiento de un hombre de 63 a\u00f1os con Covid-19 positivo que se encontraba internado en la Unidad de Terapia Intensiva del Hospital. De acuerdo al [&hellip;]<\/p>\n","protected":false},"author":4,"featured_media":77072,"comment_status":"closed","ping_status":"closed","sticky":false,"template":"","format":"standard","meta":{"om_disable_all_campaigns":false,"_jetpack_memberships_contains_paid_content":false,"footnotes":""},"categories":[50,101,2],"tags":[197,696,33,19],"class_list":["post-103190","post","type-post","status-publish","format-standard","has-post-thumbnail","hentry","category-destacadas","category-interes-general-locales","category-locales","tag-buenos-aires","tag-interes-general","tag-locales","tag-san-pedro"],"aioseo_notices":[],"gutentor_comment":0,"jetpack_featured_media_url":"https:\/\/eldiariodesanpedro.com.ar\/sitio\/wp-content\/uploads\/2020\/07\/test-de-covid-19_1.jpg","jetpack_shortlink":"https:\/\/wp.me\/p6RhLt-qQm","jetpack_sharing_enabled":true,"_links":{"self":[{"href":"https:\/\/eldiariodesanpedro.com.ar\/sitio\/wp-json\/wp\/v2\/posts\/103190","targetHints":{"allow":["GET"]}}],"collection":[{"href":"https:\/\/eldiariodesanpedro.com.ar\/sitio\/wp-json\/wp\/v2\/posts"}],"about":[{"href":"https:\/\/eldiariodesanpedro.com.ar\/sitio\/wp-json\/wp\/v2\/types\/post"}],"author":[{"embeddable":true,"href":"https:\/\/eldiariodesanpedro.com.ar\/sitio\/wp-json\/wp\/v2\/users\/4"}],"replies":[{"embeddable":true,"href":"https:\/\/eldiariodesanpedro.com.ar\/sitio\/wp-json\/wp\/v2\/comments?post=103190"}],"version-history":[{"count":1,"href":"https:\/\/eldiariodesanpedro.com.ar\/sitio\/wp-json\/wp\/v2\/posts\/103190\/revisions"}],"predecessor-version":[{"id":103191,"href":"https:\/\/eldiariodesanpedro.com.ar\/sitio\/wp-json\/wp\/v2\/posts\/103190\/revisions\/103191"}],"wp:featuredmedia":[{"embeddable":true,"href":"https:\/\/eldiariodesanpedro.com.ar\/sitio\/wp-json\/wp\/v2\/media\/77072"}],"wp:attachment":[{"href":"https:\/\/eldiariodesanpedro.com.ar\/sitio\/wp-json\/wp\/v2\/media?parent=103190"}],"wp:term":[{"taxonomy":"category","embeddable":true,"href":"https:\/\/eldiariodesanpedro.com.ar\/sitio\/wp-json\/wp\/v2\/categories?post=103190"},{"taxonomy":"post_tag","embeddable":true,"href":"https:\/\/eldiariodesanpedro.com.ar\/sitio\/wp-json\/wp\/v2\/tags?post=103190"}],"curies":[{"name":"wp","href":"https:\/\/api.w.org\/{rel}","templated":true}]}}