{"id":103183,"date":"2022-01-19T13:32:20","date_gmt":"2022-01-19T16:32:20","guid":{"rendered":"https:\/\/eldiariodesanpedro.com.ar\/sitio\/?p=103183"},"modified":"2022-01-19T13:32:22","modified_gmt":"2022-01-19T16:32:22","slug":"la-alegria-de-monica-y-cesar-tras-ser-premiados-por-uno-de-sus-productos-estrella","status":"publish","type":"post","link":"https:\/\/eldiariodesanpedro.com.ar\/sitio\/la-alegria-de-monica-y-cesar-tras-ser-premiados-por-uno-de-sus-productos-estrella\/","title":{"rendered":"La alegr\u00eda de M\u00f3nica y C\u00e9sar tras ser premiados por uno de sus productos estrella"},"content":{"rendered":"<!-- VideographyWP Plugin Message: Automatic video embedding prevented by plugin options. -->\n\n<p>La pareja due\u00f1a de La Campi\u00f1a, donde tienen plantaciones de duraznos, la fruta que los llev\u00f3 a recibir el m\u00e1ximo galard\u00f3n de la regi\u00f3n durante la 22da. edici\u00f3n de la Fiesta del Durazno y la Producci\u00f3n en Gobernador Castro..<\/p>\n\n\n\n<p>Durante d\u00e9cadas,\u00a0<strong>M\u00f3nica Cahen D\u2019Anvers\u00a0<\/strong>y\u00a0<strong>C\u00e9sar Mascetti<\/strong>\u00a0fueron los rostros de las noticias. Y aquella relaci\u00f3n que traspas\u00f3 la pantalla guarda detr\u00e1s una de las historias de amor m\u00e1s duraderas de los medios. La pareja hoy por hoy pasa sus d\u00edas en\u00a0La Campi\u00f1a, el proyecto que encararon juntos cuando ambos le pusieron un punto final a su carrera como periodistas\u00a0y que ahora les dio un motivo de alegr\u00eda tras ganar un reconocido premio en el sector agropecuario.<\/p>\n\n\n\n<p>\u201cMuy agradecidos por esta nueva distinci\u00f3n y reconocimiento como mejor durazno de la temporada\u201d,&nbsp;asegur\u00f3 la pareja en la cuenta de Instagram del establecimiento productivo que tienen en San Pedro, provincia de Buenos Aires.<\/p>\n\n\n\n<p>Durante el certamen de la 22\u00b0 Fiesta Provincial del Durazno y la Producci\u00f3n, el producto que cosechan\u00a0<strong>M\u00f3nica y C\u00e9sar<\/strong>\u00a0recibi\u00f3 la distinci\u00f3n al \u201cDurazno de Oro\u201d\u00a0de esta temporada. \u201cPara nosotros es una gran satisfacci\u00f3n y est\u00edmulo para seguir apostando a esta noble y apasionante actividad, en la que llevamos ya m\u00e1s de 40 a\u00f1os\u201d, agregaron.<\/p>\n\n\n\n<p>El campo de la pareja est\u00e1 ubicado a menos de dos horas de Capital Federal y tiene cerca de 700 hect\u00e1reas con lugares tur\u00edsticos, espacios para eventos y un restaurante que es frecuentado por los turistas, mayormente, los fines de semana.&nbsp;En ese lugar tambi\u00e9n predominan los \u00e1rboles frutales y las plantaciones agr\u00edcolas&nbsp;con la que intentan acercar a la gente a interiorizarse por los cultivos de estaci\u00f3n.<\/p>\n\n\n\n<p>\u201cSan Pedro tiene un larga trayectoria y un gran prestigio como zona productora de duraznos<strong>, haber logrado producir este a\u00f1o la mejor fruta nos llena de orgullo\u201d,&nbsp;<\/strong>afirmaron.<\/p>\n\n\n\n<p>En esa l\u00ednea, se refirieron a los habitantes de&nbsp;<strong>Gobernador Castro,<\/strong>&nbsp;quienes fueron los encargados de organizar el evento que se desarroll\u00f3 el 15 y 16 de enero.<strong>&nbsp;\u201cMuchas gracias a todo el equipo de trabajo de La Campi\u00f1a de San Pedro por su amor y dedicaci\u00f3n al trabajo, protagonistas tambi\u00e9n de este acontecimiento\u201d,&nbsp;<\/strong>completaron.<\/p>\n\n\n\n<p>Fue en los estudios de grabaci\u00f3n de\u00a0<em>eltrece\u00a0<\/em>donde naci\u00f3\u00a0<strong>la historia de amor entre M\u00f3nica y C\u00e9sar\u00a0<\/strong>y donde germin\u00f3 la idea de encarar juntos un proyecto que los unir\u00eda el resto de su vida.\u00a0<strong>La Campi\u00f1a es un refugio so\u00f1ado que con los a\u00f1os se convirti\u00f3 en su estilo de vida,<\/strong>\u00a0en donde tambi\u00e9n recrearon gran parte de lo que fue la vida de sus ancestros. Ah\u00ed reciben a sus seres queridos y fan\u00e1ticos, que se acercan para pasar un momento de desconexi\u00f3n y buscan acercarse a la naturaleza.<\/p>\n\n\n\n<p>Hace unos a\u00f1os, M\u00f3nica consigui\u00f3 traer desde Italia las mismas rosas que ten\u00eda su bisabuela Louise de Morpurgo -la mujer del Conde Louis Cahen D\u2019Anvers- y que hoy son parte del paisaje de ensue\u00f1o de La Campi\u00f1a. Sumergida en la naturaleza, la periodista disfruta de su para\u00edso personal,&nbsp;<strong>alejada de las grandes urbes.<\/strong><\/p>\n\n\n\n<p>El establecimiento se caracteriza por ser un lugar \u00fanico por sus magn\u00edficos paisajes, pero tambi\u00e9n es el s\u00edmbolo del trabajo en equipo de M\u00f3nica y C\u00e9sar, quienes est\u00e1n involucrados en la actividad agropecuaria desde hace varios a\u00f1os y donde consiguieron posicionarse a trav\u00e9s de su marca.<\/p>\n\n\n\n<p>Seg\u00fan resaltan en la web oficial, las instalaciones est\u00e1n equipadas con&nbsp;<strong>un galp\u00f3n de empaque, un palomar que est\u00e1 al cuidado de C\u00e9sar, una huerta con maravillosos colores, una dulcer\u00eda cuyos productos salen de la misma estancia,&nbsp;<\/strong>un almac\u00e9n y hasta un restaurante.<\/p>\n\n\n\n<p>En primavera, las plantaciones de naranjos y durazneros en flor se convierten en una gran postal. Originalmente, se conoci\u00f3 que la pareja ten\u00eda cerca de 4000 plantas de naranjas, pero hoy el total de los \u00e1rboles frutales llegan a 100.000.<\/p>\n\n\n\n<p>Fuente: La Naci\u00f3n<\/p>\n","protected":false},"excerpt":{"rendered":"<p>La pareja due\u00f1a de La Campi\u00f1a, donde tienen plantaciones de duraznos, la fruta que los llev\u00f3 a recibir el m\u00e1ximo galard\u00f3n de la regi\u00f3n durante la 22da. edici\u00f3n de la Fiesta del Durazno y la Producci\u00f3n en Gobernador Castro.. Durante d\u00e9cadas,\u00a0M\u00f3nica Cahen D\u2019Anvers\u00a0y\u00a0C\u00e9sar Mascetti\u00a0fueron los rostros de las noticias. Y aquella relaci\u00f3n que traspas\u00f3 la [&hellip;]<\/p>\n","protected":false},"author":4,"featured_media":103184,"comment_status":"closed","ping_status":"closed","sticky":false,"template":"","format":"standard","meta":{"om_disable_all_campaigns":false,"_jetpack_memberships_contains_paid_content":false,"footnotes":""},"categories":[50,101,2],"tags":[197,696,33,19],"class_list":["post-103183","post","type-post","status-publish","format-standard","has-post-thumbnail","hentry","category-destacadas","category-interes-general-locales","category-locales","tag-buenos-aires","tag-interes-general","tag-locales","tag-san-pedro"],"aioseo_notices":[],"gutentor_comment":0,"jetpack_featured_media_url":"https:\/\/eldiariodesanpedro.com.ar\/sitio\/wp-content\/uploads\/2022\/01\/0000020632-resized-1920x1080-1.jpg","jetpack_shortlink":"https:\/\/wp.me\/p6RhLt-qQf","jetpack_sharing_enabled":true,"_links":{"self":[{"href":"https:\/\/eldiariodesanpedro.com.ar\/sitio\/wp-json\/wp\/v2\/posts\/103183","targetHints":{"allow":["GET"]}}],"collection":[{"href":"https:\/\/eldiariodesanpedro.com.ar\/sitio\/wp-json\/wp\/v2\/posts"}],"about":[{"href":"https:\/\/eldiariodesanpedro.com.ar\/sitio\/wp-json\/wp\/v2\/types\/post"}],"author":[{"embeddable":true,"href":"https:\/\/eldiariodesanpedro.com.ar\/sitio\/wp-json\/wp\/v2\/users\/4"}],"replies":[{"embeddable":true,"href":"https:\/\/eldiariodesanpedro.com.ar\/sitio\/wp-json\/wp\/v2\/comments?post=103183"}],"version-history":[{"count":1,"href":"https:\/\/eldiariodesanpedro.com.ar\/sitio\/wp-json\/wp\/v2\/posts\/103183\/revisions"}],"predecessor-version":[{"id":103185,"href":"https:\/\/eldiariodesanpedro.com.ar\/sitio\/wp-json\/wp\/v2\/posts\/103183\/revisions\/103185"}],"wp:featuredmedia":[{"embeddable":true,"href":"https:\/\/eldiariodesanpedro.com.ar\/sitio\/wp-json\/wp\/v2\/media\/103184"}],"wp:attachment":[{"href":"https:\/\/eldiariodesanpedro.com.ar\/sitio\/wp-json\/wp\/v2\/media?parent=103183"}],"wp:term":[{"taxonomy":"category","embeddable":true,"href":"https:\/\/eldiariodesanpedro.com.ar\/sitio\/wp-json\/wp\/v2\/categories?post=103183"},{"taxonomy":"post_tag","embeddable":true,"href":"https:\/\/eldiariodesanpedro.com.ar\/sitio\/wp-json\/wp\/v2\/tags?post=103183"}],"curies":[{"name":"wp","href":"https:\/\/api.w.org\/{rel}","templated":true}]}}