{"id":103180,"date":"2022-01-19T13:03:06","date_gmt":"2022-01-19T16:03:06","guid":{"rendered":"https:\/\/eldiariodesanpedro.com.ar\/sitio\/?p=103180"},"modified":"2022-01-19T13:03:08","modified_gmt":"2022-01-19T16:03:08","slug":"detienen-a-un-abusador-que-abuso-sexualmente-cuando-la-nina-tenia-entre-6-y-7-anos","status":"publish","type":"post","link":"https:\/\/eldiariodesanpedro.com.ar\/sitio\/detienen-a-un-abusador-que-abuso-sexualmente-cuando-la-nina-tenia-entre-6-y-7-anos\/","title":{"rendered":"Detienen a un abusador que abus\u00f3 sexualmente cuando la ni\u00f1a ten\u00eda entre 6 y 7 a\u00f1os"},"content":{"rendered":"<!-- VideographyWP Plugin Message: Automatic video embedding prevented by plugin options. -->\n\n<p>El Personal de la Sub DDI llevo a cabo la detenci\u00f3n en Las Provincias al 2200 de un hombre de 35 a\u00f1os, denunciado de Abuso Sexual Gravemente Ultrajante.<\/p>\n\n\n\n<p>Con intervenci\u00f3n de la UFI 11 a cargo de la Fiscal Dra. Viviana Ramos y el Juzgado N\u00b0 3 de la Dra Maiztegui, la orden llega por la denuncia realizada en Abril del 2021, en la Comisaria de la Mujer y la Familia, por la t\u00eda de una menor de 13 a\u00f1os, que denunci\u00f3 a quien fuera pareja de la madre de la v\u00edctima de abusar de la ni\u00f1a.<\/p>\n\n\n\n<p>Cabe aclarar que la menor sufri\u00f3 los abusos cuando ten\u00eda entre los 6 y 7 a\u00f1os, pero logr\u00f2 contarlo en el 2021 ya con 13 a\u00f1os.<\/p>\n\n\n\n<iframe data-src=\"https:\/\/www.facebook.com\/plugins\/video.php?height=476&#038;href=https%3A%2F%2Fwww.facebook.com%2Fdiariosp2%2Fvideos%2F607926550505137%2F&#038;show_text=false&#038;width=476&#038;t=0\" width=\"476\" height=\"476\" style=\"border:none;overflow:hidden\" scrolling=\"no\" frameborder=\"0\" allowfullscreen=\"true\" allow=\"autoplay; clipboard-write; encrypted-media; picture-in-picture; web-share\" allowFullScreen=\"true\" src=\"data:image\/svg+xml;base64,PHN2ZyB3aWR0aD0iMSIgaGVpZ2h0PSIxIiB4bWxucz0iaHR0cDovL3d3dy53My5vcmcvMjAwMC9zdmciPjwvc3ZnPg==\" class=\"lazyload\" data-load-mode=\"1\"><\/iframe>\n","protected":false},"excerpt":{"rendered":"<p>El Personal de la Sub DDI llevo a cabo la detenci\u00f3n en Las Provincias al 2200 de un hombre de 35 a\u00f1os, denunciado de Abuso Sexual Gravemente Ultrajante. Con intervenci\u00f3n de la UFI 11 a cargo de la Fiscal Dra. Viviana Ramos y el Juzgado N\u00b0 3 de la Dra Maiztegui, la orden llega por [&hellip;]<\/p>\n","protected":false},"author":4,"featured_media":103181,"comment_status":"closed","ping_status":"closed","sticky":false,"template":"","format":"standard","meta":{"om_disable_all_campaigns":false,"_jetpack_memberships_contains_paid_content":false,"footnotes":""},"categories":[50,2,103],"tags":[],"class_list":["post-103180","post","type-post","status-publish","format-standard","has-post-thumbnail","hentry","category-destacadas","category-locales","category-policiales-locales"],"aioseo_notices":[],"gutentor_comment":0,"jetpack_featured_media_url":"https:\/\/eldiariodesanpedro.com.ar\/sitio\/wp-content\/uploads\/2022\/01\/Abuso-sexual-menor.jpg","jetpack_shortlink":"https:\/\/wp.me\/p6RhLt-qQc","jetpack_sharing_enabled":true,"_links":{"self":[{"href":"https:\/\/eldiariodesanpedro.com.ar\/sitio\/wp-json\/wp\/v2\/posts\/103180","targetHints":{"allow":["GET"]}}],"collection":[{"href":"https:\/\/eldiariodesanpedro.com.ar\/sitio\/wp-json\/wp\/v2\/posts"}],"about":[{"href":"https:\/\/eldiariodesanpedro.com.ar\/sitio\/wp-json\/wp\/v2\/types\/post"}],"author":[{"embeddable":true,"href":"https:\/\/eldiariodesanpedro.com.ar\/sitio\/wp-json\/wp\/v2\/users\/4"}],"replies":[{"embeddable":true,"href":"https:\/\/eldiariodesanpedro.com.ar\/sitio\/wp-json\/wp\/v2\/comments?post=103180"}],"version-history":[{"count":1,"href":"https:\/\/eldiariodesanpedro.com.ar\/sitio\/wp-json\/wp\/v2\/posts\/103180\/revisions"}],"predecessor-version":[{"id":103182,"href":"https:\/\/eldiariodesanpedro.com.ar\/sitio\/wp-json\/wp\/v2\/posts\/103180\/revisions\/103182"}],"wp:featuredmedia":[{"embeddable":true,"href":"https:\/\/eldiariodesanpedro.com.ar\/sitio\/wp-json\/wp\/v2\/media\/103181"}],"wp:attachment":[{"href":"https:\/\/eldiariodesanpedro.com.ar\/sitio\/wp-json\/wp\/v2\/media?parent=103180"}],"wp:term":[{"taxonomy":"category","embeddable":true,"href":"https:\/\/eldiariodesanpedro.com.ar\/sitio\/wp-json\/wp\/v2\/categories?post=103180"},{"taxonomy":"post_tag","embeddable":true,"href":"https:\/\/eldiariodesanpedro.com.ar\/sitio\/wp-json\/wp\/v2\/tags?post=103180"}],"curies":[{"name":"wp","href":"https:\/\/api.w.org\/{rel}","templated":true}]}}