{"id":103175,"date":"2022-01-19T12:06:19","date_gmt":"2022-01-19T15:06:19","guid":{"rendered":"https:\/\/eldiariodesanpedro.com.ar\/sitio\/?p=103175"},"modified":"2022-01-19T12:06:21","modified_gmt":"2022-01-19T15:06:21","slug":"el-parador-recreo-de-san-pedro-inicia-la-cuarta-semana-con-actividades-y-shows-para-toda-la-familia","status":"publish","type":"post","link":"https:\/\/eldiariodesanpedro.com.ar\/sitio\/el-parador-recreo-de-san-pedro-inicia-la-cuarta-semana-con-actividades-y-shows-para-toda-la-familia\/","title":{"rendered":"El Parador ReCreo de San Pedro inicia la cuarta semana con actividades y shows para toda la familia"},"content":{"rendered":"<!-- VideographyWP Plugin Message: Automatic video embedding prevented by plugin options. -->\n\n<p>El espacio dispuesto por la Provincia en San Pedro en el marco del programa ReCreo ofrece juegos, talleres y propuestas art\u00edsticas durante toda la temporada.<\/p>\n\n\n\n<p>El Ministerio de Producci\u00f3n, Ciencia e Innovaci\u00f3n Tecnol\u00f3gica bonaerense anunci\u00f3 las actividades que el Parador ReCreo de San Pedro brindar\u00e1 esta semana. Las mismas incluyen clases de baile, circuito de entrenamiento, mega juegos, trivia ReCreo y coreograf\u00edas de Tik Tok; talleres de clown, arte, percusi\u00f3n, reciclaje, origami y magia, entre otros; y un espacio l\u00fadico con \u00e1reas de sombra y plazas de juegos con bungee jumping, tejos, strike 360, plaza blanda y camas el\u00e1sticas.<\/p>\n\n\n\n<p>Adem\u00e1s, en el marco de la programaci\u00f3n de C\u00f3digo Provincia, la pol\u00edtica de promoci\u00f3n de la cultura bonaerense que visibiliza a m\u00fasicas y m\u00fasicos locales, se programan shows todos los jueves, viernes y s\u00e1bados a las 20. Esta semana se presentan: Los L\u00f3pez Heredia (jueves 20) y Santi Adano (viernes 21).<\/p>\n\n\n\n<p>Por su parte, todos los domingos se programan espect\u00e1culos infantiles pensados para toda la familia. En ese contexto, esta semana se podr\u00e1 disfrutar de Los Musicleta, espect\u00e1culo interactivo con juegos y canciones que hablan de situaciones cotidianas (domingo 23 a las 19).<\/p>\n\n\n\n<p>El Parador ReCreo San Pedro, que est\u00e1 ubicado en la calle Juan de Garay, esq. 11 de Septiembre (bajada 11 de Septiembre), permanecer\u00e1 abierto de lunes a lunes de 10 a 12.30 y de 17 a 21.<\/p>\n\n\n\n<p>Adem\u00e1s, est\u00e1 presente Marea Sanitaria, una posta de salud con actividades l\u00fadico-recreativas que invitan a mantener los cuidados tambi\u00e9n durante el verano<\/p>\n\n\n\n<figure class=\"wp-block-image size-full\"><img decoding=\"async\" width=\"630\" height=\"630\" data-attachment-id=\"103177\" data-permalink=\"https:\/\/eldiariodesanpedro.com.ar\/sitio\/el-parador-recreo-de-san-pedro-inicia-la-cuarta-semana-con-actividades-y-shows-para-toda-la-familia\/whatsapp-image-2022-01-18-at-14-02-07\/\" data-orig-file=\"https:\/\/eldiariodesanpedro.com.ar\/sitio\/wp-content\/uploads\/2022\/01\/WhatsApp-Image-2022-01-18-at-14.02.07.jpeg\" data-orig-size=\"630,630\" data-comments-opened=\"0\" data-image-meta=\"{&quot;aperture&quot;:&quot;0&quot;,&quot;credit&quot;:&quot;&quot;,&quot;camera&quot;:&quot;&quot;,&quot;caption&quot;:&quot;&quot;,&quot;created_timestamp&quot;:&quot;0&quot;,&quot;copyright&quot;:&quot;&quot;,&quot;focal_length&quot;:&quot;0&quot;,&quot;iso&quot;:&quot;0&quot;,&quot;shutter_speed&quot;:&quot;0&quot;,&quot;title&quot;:&quot;&quot;,&quot;orientation&quot;:&quot;0&quot;}\" data-image-title=\"WhatsApp Image 2022-01-18 at 14.02.07\" data-image-description=\"\" data-image-caption=\"\" data-large-file=\"https:\/\/eldiariodesanpedro.com.ar\/sitio\/wp-content\/uploads\/2022\/01\/WhatsApp-Image-2022-01-18-at-14.02.07.jpeg\" data-src=\"https:\/\/eldiariodesanpedro.com.ar\/sitio\/wp-content\/uploads\/2022\/01\/WhatsApp-Image-2022-01-18-at-14.02.07.jpeg\" alt=\"\" class=\"wp-image-103177 lazyload\" data-srcset=\"https:\/\/eldiariodesanpedro.com.ar\/sitio\/wp-content\/uploads\/2022\/01\/WhatsApp-Image-2022-01-18-at-14.02.07.jpeg 630w, https:\/\/eldiariodesanpedro.com.ar\/sitio\/wp-content\/uploads\/2022\/01\/WhatsApp-Image-2022-01-18-at-14.02.07-300x300.jpeg 300w, https:\/\/eldiariodesanpedro.com.ar\/sitio\/wp-content\/uploads\/2022\/01\/WhatsApp-Image-2022-01-18-at-14.02.07-150x150.jpeg 150w\" data-sizes=\"(max-width: 630px) 100vw, 630px\" src=\"data:image\/svg+xml;base64,PHN2ZyB3aWR0aD0iMSIgaGVpZ2h0PSIxIiB4bWxucz0iaHR0cDovL3d3dy53My5vcmcvMjAwMC9zdmciPjwvc3ZnPg==\" style=\"--smush-placeholder-width: 630px; --smush-placeholder-aspect-ratio: 630\/630;\" \/><\/figure>\n","protected":false},"excerpt":{"rendered":"<p>El espacio dispuesto por la Provincia en San Pedro en el marco del programa ReCreo ofrece juegos, talleres y propuestas art\u00edsticas durante toda la temporada. El Ministerio de Producci\u00f3n, Ciencia e Innovaci\u00f3n Tecnol\u00f3gica bonaerense anunci\u00f3 las actividades que el Parador ReCreo de San Pedro brindar\u00e1 esta semana. Las mismas incluyen clases de baile, circuito de [&hellip;]<\/p>\n","protected":false},"author":4,"featured_media":103176,"comment_status":"closed","ping_status":"closed","sticky":false,"template":"","format":"standard","meta":{"om_disable_all_campaigns":false,"_jetpack_memberships_contains_paid_content":false,"footnotes":""},"categories":[101,2],"tags":[197,696,33,19],"class_list":["post-103175","post","type-post","status-publish","format-standard","has-post-thumbnail","hentry","category-interes-general-locales","category-locales","tag-buenos-aires","tag-interes-general","tag-locales","tag-san-pedro"],"aioseo_notices":[],"gutentor_comment":0,"jetpack_featured_media_url":"https:\/\/eldiariodesanpedro.com.ar\/sitio\/wp-content\/uploads\/2022\/01\/WhatsApp-Image-2022-01-18-at-14.01.45.jpeg","jetpack_shortlink":"https:\/\/wp.me\/p6RhLt-qQ7","jetpack_sharing_enabled":true,"_links":{"self":[{"href":"https:\/\/eldiariodesanpedro.com.ar\/sitio\/wp-json\/wp\/v2\/posts\/103175","targetHints":{"allow":["GET"]}}],"collection":[{"href":"https:\/\/eldiariodesanpedro.com.ar\/sitio\/wp-json\/wp\/v2\/posts"}],"about":[{"href":"https:\/\/eldiariodesanpedro.com.ar\/sitio\/wp-json\/wp\/v2\/types\/post"}],"author":[{"embeddable":true,"href":"https:\/\/eldiariodesanpedro.com.ar\/sitio\/wp-json\/wp\/v2\/users\/4"}],"replies":[{"embeddable":true,"href":"https:\/\/eldiariodesanpedro.com.ar\/sitio\/wp-json\/wp\/v2\/comments?post=103175"}],"version-history":[{"count":1,"href":"https:\/\/eldiariodesanpedro.com.ar\/sitio\/wp-json\/wp\/v2\/posts\/103175\/revisions"}],"predecessor-version":[{"id":103178,"href":"https:\/\/eldiariodesanpedro.com.ar\/sitio\/wp-json\/wp\/v2\/posts\/103175\/revisions\/103178"}],"wp:featuredmedia":[{"embeddable":true,"href":"https:\/\/eldiariodesanpedro.com.ar\/sitio\/wp-json\/wp\/v2\/media\/103176"}],"wp:attachment":[{"href":"https:\/\/eldiariodesanpedro.com.ar\/sitio\/wp-json\/wp\/v2\/media?parent=103175"}],"wp:term":[{"taxonomy":"category","embeddable":true,"href":"https:\/\/eldiariodesanpedro.com.ar\/sitio\/wp-json\/wp\/v2\/categories?post=103175"},{"taxonomy":"post_tag","embeddable":true,"href":"https:\/\/eldiariodesanpedro.com.ar\/sitio\/wp-json\/wp\/v2\/tags?post=103175"}],"curies":[{"name":"wp","href":"https:\/\/api.w.org\/{rel}","templated":true}]}}