{"id":103172,"date":"2022-01-19T12:03:29","date_gmt":"2022-01-19T15:03:29","guid":{"rendered":"https:\/\/eldiariodesanpedro.com.ar\/sitio\/?p=103172"},"modified":"2022-01-19T12:03:30","modified_gmt":"2022-01-19T15:03:30","slug":"posgrado-en-direccion-estrategica-de-marketing-e-innovacion","status":"publish","type":"post","link":"https:\/\/eldiariodesanpedro.com.ar\/sitio\/posgrado-en-direccion-estrategica-de-marketing-e-innovacion\/","title":{"rendered":"Posgrado en Direcci\u00f3n Estrat\u00e9gica de Marketing e Innovaci\u00f3n"},"content":{"rendered":"<!-- VideographyWP Plugin Message: Automatic video embedding prevented by plugin options. -->\n\n<p>El Centro de Comercio informa que est\u00e1 abierta la inscripci\u00f3n para el curso de posgrado en Direcci\u00f3n Estrat\u00e9gica de Marketing e Innovaci\u00f3n en ventas de UNTREF.<\/p>\n\n\n\n<p>Ser\u00e1 con modalidad virtual y los interesados pueden registrarse hasta marzo de 2022. Para obtener m\u00e1s informaci\u00f3n pueden consultar a&nbsp;<a href=\"mailto:cciteducacion@gmail.com\" target=\"_blank\" rel=\"noreferrer noopener\">cciteducacion@gmail.com<\/a>&nbsp;o al whatsapp&nbsp;<strong>3329 59-9000<\/strong><\/p>\n\n\n\n<p>La actividad comenzar\u00e1 en abril 2022 y est\u00e1 dirigida a<\/p>\n\n\n\n<p>Profesionales de Ciencias Econ\u00f3micas u otras carreras interesados en profundizar sus conocimientos de Marketing.<\/p>\n\n\n\n<p>Personas vinculadas a Organizaciones sin Fines de Lucro interesadas en incorporar destrezas en materia comercial: Ventas, comunicaci\u00f3n, an\u00e1lisis de mercado, marketing digital.<\/p>\n\n\n\n<p>Profesionales de otras disciplinas que se desempe\u00f1an en el \u00e1mbito de las Ventas, Log\u00edstica, Publicidad, Prensa, Relaciones P\u00fablicas, interesados en ampliar su campo laboral en el \u00e1rea del Marketing.&nbsp;<\/p>\n","protected":false},"excerpt":{"rendered":"<p>El Centro de Comercio informa que est\u00e1 abierta la inscripci\u00f3n para el curso de posgrado en Direcci\u00f3n Estrat\u00e9gica de Marketing e Innovaci\u00f3n en ventas de UNTREF. Ser\u00e1 con modalidad virtual y los interesados pueden registrarse hasta marzo de 2022. Para obtener m\u00e1s informaci\u00f3n pueden consultar a&nbsp;cciteducacion@gmail.com&nbsp;o al whatsapp&nbsp;3329 59-9000 La actividad comenzar\u00e1 en abril 2022 [&hellip;]<\/p>\n","protected":false},"author":4,"featured_media":103173,"comment_status":"closed","ping_status":"closed","sticky":false,"template":"","format":"standard","meta":{"om_disable_all_campaigns":false,"_jetpack_memberships_contains_paid_content":false,"footnotes":""},"categories":[101,2],"tags":[197,696,33,19],"class_list":["post-103172","post","type-post","status-publish","format-standard","has-post-thumbnail","hentry","category-interes-general-locales","category-locales","tag-buenos-aires","tag-interes-general","tag-locales","tag-san-pedro"],"aioseo_notices":[],"gutentor_comment":0,"jetpack_featured_media_url":"https:\/\/eldiariodesanpedro.com.ar\/sitio\/wp-content\/uploads\/2022\/01\/POSGRADO.jpg","jetpack_shortlink":"https:\/\/wp.me\/p6RhLt-qQ4","jetpack_sharing_enabled":true,"_links":{"self":[{"href":"https:\/\/eldiariodesanpedro.com.ar\/sitio\/wp-json\/wp\/v2\/posts\/103172","targetHints":{"allow":["GET"]}}],"collection":[{"href":"https:\/\/eldiariodesanpedro.com.ar\/sitio\/wp-json\/wp\/v2\/posts"}],"about":[{"href":"https:\/\/eldiariodesanpedro.com.ar\/sitio\/wp-json\/wp\/v2\/types\/post"}],"author":[{"embeddable":true,"href":"https:\/\/eldiariodesanpedro.com.ar\/sitio\/wp-json\/wp\/v2\/users\/4"}],"replies":[{"embeddable":true,"href":"https:\/\/eldiariodesanpedro.com.ar\/sitio\/wp-json\/wp\/v2\/comments?post=103172"}],"version-history":[{"count":1,"href":"https:\/\/eldiariodesanpedro.com.ar\/sitio\/wp-json\/wp\/v2\/posts\/103172\/revisions"}],"predecessor-version":[{"id":103174,"href":"https:\/\/eldiariodesanpedro.com.ar\/sitio\/wp-json\/wp\/v2\/posts\/103172\/revisions\/103174"}],"wp:featuredmedia":[{"embeddable":true,"href":"https:\/\/eldiariodesanpedro.com.ar\/sitio\/wp-json\/wp\/v2\/media\/103173"}],"wp:attachment":[{"href":"https:\/\/eldiariodesanpedro.com.ar\/sitio\/wp-json\/wp\/v2\/media?parent=103172"}],"wp:term":[{"taxonomy":"category","embeddable":true,"href":"https:\/\/eldiariodesanpedro.com.ar\/sitio\/wp-json\/wp\/v2\/categories?post=103172"},{"taxonomy":"post_tag","embeddable":true,"href":"https:\/\/eldiariodesanpedro.com.ar\/sitio\/wp-json\/wp\/v2\/tags?post=103172"}],"curies":[{"name":"wp","href":"https:\/\/api.w.org\/{rel}","templated":true}]}}