{"id":10317,"date":"2016-11-16T18:53:44","date_gmt":"2016-11-16T21:53:44","guid":{"rendered":"https:\/\/eldiariodesanpedro.com.ar\/sitio\/?p=10317"},"modified":"2016-11-16T18:53:44","modified_gmt":"2016-11-16T21:53:44","slug":"vuelta-de-obligado-dos-actos-para-conmemorar-el-dia-de-la-soberania-nacional","status":"publish","type":"post","link":"https:\/\/eldiariodesanpedro.com.ar\/sitio\/vuelta-de-obligado-dos-actos-para-conmemorar-el-dia-de-la-soberania-nacional\/","title":{"rendered":"Vuelta de Obligado: Dos actos para conmemorar el D\u00eda de la Soberan\u00eda Nacional"},"content":{"rendered":"<p><!-- VideographyWP Plugin Message: Automatic video embedding prevented by plugin options. --><br \/>\nSe aproxima el 20 de noviembre, fecha en que se conmemora la Batalla de la Vuelta de Obligado. El acto organizado por la gesti\u00f3n del intendente ser\u00e1 el domingo a partir de las 9.00, mientras que el otro ser\u00e1 por la tarde, cerca de las 17.00.<\/p>\n<p>La Municipalidad de San Pedro ha comenzado con la organizaci\u00f3n del evento. \u201cEstamos ansiosos y con muchas ganas\u201d, dijo Jonathan Galv\u00e1n, secretario Privado y de Prensa de la Municipalidad de San Pedro y sostuvo: \u201cDe los actos patrios que se desarrollan en el a\u00f1o, este reviste una cuesti\u00f3n de importancia mayor al haber sido en nuestra zona\u201d.<\/p>\n<p>\u201cDecidimos hacerlo a la ma\u00f1ana a las 9.00 en Vta. de Obligado, en el monumento con gente de San Pedro\u201d. \u201cEstar\u00e1 presente el intendente y el gabinete, se va a invitar abanderado y escolta de los diferentes niveles educativos de las localidades y cabecera de partido\u201d, se\u00f1al\u00f3 el funcionario.<\/p>\n<p>Se va a realizar el desfile de patricios, y luego se entonar\u00e1 el Himno Nacional Argentino, seguidamente se desarrollar\u00e1n las palabras alusivas de la jefa distrital de Educaci\u00f3n, Eleonora Taurizano, despu\u00e9s har\u00e1 lo propio el intendente Municipal y para finalizar cerrar\u00e1 el evento Hern\u00e1n Montes, quien interpretar\u00e1 el tema de su autor\u00eda en alusi\u00f3n a la gesta patria.<\/p>\n<p>En tanto que Galv\u00e1n destac\u00f3 que \u201cel intendente va a cumplir con un pedido especial con la gente de Obligado y lo va anunciar en el acto\u201d, sin embargo no revel\u00f3 de qu\u00e9 se trata.<\/p>\n<p>Asimismo sostuvo que se \u201ccursaron invitaciones a la gobernadora y a los funcionarios provinciales, tambi\u00e9n al presidente Macri, esperemos que tengamos la sorpresa que vengan\u201d. Tambi\u00e9n agreg\u00f3 que la noche anterior se va a realizar la Pe\u00f1a de la Soberan\u00eda con artistas locales.<\/p>\n<p>Por otro lado dijo desconocer la posibilidad de que se haga otro acto por parte de organizaciones pol\u00edticas ligadas al Kirchnerismo. \u201cNo estamos al tanto\u201d, dijo y enunci\u00f3 luego: \u201cSe curs\u00f3 una carta de las agrupaciones al municipio\u201d. Y aclar\u00f3: \u201cLos actos patrios pertenecen a todos los argentinos, no a un gobierno\u201d.<br \/>\n<strong><br \/>\n\u00bfViene Cristina?<\/strong><\/p>\n<p>En la jornada de ayer arrib\u00f3 a Vuelta de Obligado el presidente del Instituto Patria, Oscar Parrilli, acompa\u00f1ado de dirigentes pol\u00edticos de San Pedro y de Ramallo. Si bien a\u00fan hay cierto hermetismo sobre si Cristina Fern\u00e1ndez de Kirchner participar\u00e1 del acto que est\u00e1n organizando, s\u00ed est\u00e1 confirmado que tendr\u00e1 lugar el domingo a las 17.00.<\/p>\n<p>En tanto que se cree que podr\u00edan estar presentes el diputado nacional M\u00e1ximo Kirchner, Axel Kicilof, Oscar Parrilli, Mart\u00edn Sabatella, el \u201cCuervo\u201d Larroque, entre otros tantos dirigentes, nacionales, provinciales y de la regi\u00f3n.<\/p>\n<p>Con la participaci\u00f3n de dirigentes sampedrinos tales como Rodolfo Trelles, Nicol\u00e1s Macchia, Mauricio Preitti, entre otros, se llev\u00f3 a cabo luego una conferencia de prensa en Ramallo.<\/p>\n<p>En ese sentido, Parrilli dijo desconocer por el momento si la expresidenta arribar\u00e1 al sitio hist\u00f3rico para participar del evento. \u201cLa verdad que no lo s\u00e9. Yo simplemente he venido con un grupo de compa\u00f1eros a acompa\u00f1ar al intendente de Ramallo, al compa\u00f1ero Mauro Polletti, accediendo a la invitaci\u00f3n que nos hace, vamos a concurrir el d\u00eda domingo a las 17 .00 a la Vuelta de Obligado\u201d, sostuvo el exfuncionario nacional.<\/p>\n<p>Luego asegur\u00f3: \u201cUstedes saben que este es un lugar reivindicado y el monumento inaugurado por la expresidenta, es una decisi\u00f3n de ella\u201d. Y sobre ello agreg\u00f3: \u201cSe reivindic\u00f3 esta fecha como un s\u00edmbolo de la historia argentina que la historia oficial hab\u00eda tratado de olvidar precisamente por lo que significaba en cuanto a pol\u00edticas de independencia y de soberan\u00eda, as\u00ed que para nosotros es una fecha realmente importante\u201d.<\/p>\n<p>Por su parte, el intendente de Ramallo, Mauro Polletti, dijo que participar\u00e1n intendentes y asever\u00f3: \u201cEs un acto que si bien tiene connotaciones pol\u00edticas, el acto es institucional\u201d.<\/p>\n","protected":false},"excerpt":{"rendered":"<p>Se aproxima el 20 de noviembre, fecha en que se conmemora la Batalla de la Vuelta de Obligado. El acto organizado por la gesti\u00f3n del intendente ser\u00e1 el domingo a partir de las 9.00, mientras que el otro ser\u00e1 por la tarde, cerca de las 17.00. La Municipalidad de San Pedro ha comenzado con la [&hellip;]<\/p>\n","protected":false},"author":4,"featured_media":10319,"comment_status":"open","ping_status":"closed","sticky":false,"template":"","format":"standard","meta":{"om_disable_all_campaigns":false,"_jetpack_memberships_contains_paid_content":false,"footnotes":""},"categories":[2,102],"tags":[],"class_list":["post-10317","post","type-post","status-publish","format-standard","has-post-thumbnail","hentry","category-locales","category-politica-locales"],"aioseo_notices":[],"gutentor_comment":0,"jetpack_featured_media_url":"https:\/\/eldiariodesanpedro.com.ar\/sitio\/wp-content\/uploads\/2016\/11\/D\u00eda-de-la-Soberan\u00eda-Nacional-vuelta-obligado.jpg","jetpack_shortlink":"https:\/\/wp.me\/p6RhLt-2Gp","jetpack_sharing_enabled":true,"_links":{"self":[{"href":"https:\/\/eldiariodesanpedro.com.ar\/sitio\/wp-json\/wp\/v2\/posts\/10317","targetHints":{"allow":["GET"]}}],"collection":[{"href":"https:\/\/eldiariodesanpedro.com.ar\/sitio\/wp-json\/wp\/v2\/posts"}],"about":[{"href":"https:\/\/eldiariodesanpedro.com.ar\/sitio\/wp-json\/wp\/v2\/types\/post"}],"author":[{"embeddable":true,"href":"https:\/\/eldiariodesanpedro.com.ar\/sitio\/wp-json\/wp\/v2\/users\/4"}],"replies":[{"embeddable":true,"href":"https:\/\/eldiariodesanpedro.com.ar\/sitio\/wp-json\/wp\/v2\/comments?post=10317"}],"version-history":[{"count":1,"href":"https:\/\/eldiariodesanpedro.com.ar\/sitio\/wp-json\/wp\/v2\/posts\/10317\/revisions"}],"predecessor-version":[{"id":10320,"href":"https:\/\/eldiariodesanpedro.com.ar\/sitio\/wp-json\/wp\/v2\/posts\/10317\/revisions\/10320"}],"wp:featuredmedia":[{"embeddable":true,"href":"https:\/\/eldiariodesanpedro.com.ar\/sitio\/wp-json\/wp\/v2\/media\/10319"}],"wp:attachment":[{"href":"https:\/\/eldiariodesanpedro.com.ar\/sitio\/wp-json\/wp\/v2\/media?parent=10317"}],"wp:term":[{"taxonomy":"category","embeddable":true,"href":"https:\/\/eldiariodesanpedro.com.ar\/sitio\/wp-json\/wp\/v2\/categories?post=10317"},{"taxonomy":"post_tag","embeddable":true,"href":"https:\/\/eldiariodesanpedro.com.ar\/sitio\/wp-json\/wp\/v2\/tags?post=10317"}],"curies":[{"name":"wp","href":"https:\/\/api.w.org\/{rel}","templated":true}]}}