{"id":103169,"date":"2022-01-19T11:53:35","date_gmt":"2022-01-19T14:53:35","guid":{"rendered":"https:\/\/eldiariodesanpedro.com.ar\/sitio\/?p=103169"},"modified":"2022-01-19T11:53:37","modified_gmt":"2022-01-19T14:53:37","slug":"se-secuestran-plasticos-de-motos-descartados-por-motochorros-2","status":"publish","type":"post","link":"https:\/\/eldiariodesanpedro.com.ar\/sitio\/se-secuestran-plasticos-de-motos-descartados-por-motochorros-2\/","title":{"rendered":"Se secuestran plasticos de motos descartados por motochorros"},"content":{"rendered":"<!-- VideographyWP Plugin Message: Automatic video embedding prevented by plugin options. -->\n\n<p>En la noche de este martes alrededor de las 23 hs en Crucero Gral Belgrano e Independencia dos sujetos que no fueron identificados quienes circulaban en una motocicleta color negra llevando bulto, al advertir polic\u00eda se descartan y fugan perdi\u00e9ndose de vista pese operativo cerrojo.&nbsp;<\/p>\n\n\n\n<p>Resultaba una manta con pl\u00e1sticos de motocicletas posiblemente sustra\u00edda el d\u00eda anterior . Se Procura identificaci\u00f3n&nbsp; autores Int UFI 5.<\/p>\n\n\n\n<figure class=\"wp-block-image size-full\"><img decoding=\"async\" width=\"393\" height=\"630\" data-attachment-id=\"103167\" data-permalink=\"https:\/\/eldiariodesanpedro.com.ar\/sitio\/whatsapp-image-2022-01-19-at-10-51-13\/\" data-orig-file=\"https:\/\/eldiariodesanpedro.com.ar\/sitio\/wp-content\/uploads\/2022\/01\/WhatsApp-Image-2022-01-19-at-10.51.13.jpeg\" data-orig-size=\"393,630\" data-comments-opened=\"0\" data-image-meta=\"{&quot;aperture&quot;:&quot;0&quot;,&quot;credit&quot;:&quot;&quot;,&quot;camera&quot;:&quot;&quot;,&quot;caption&quot;:&quot;&quot;,&quot;created_timestamp&quot;:&quot;0&quot;,&quot;copyright&quot;:&quot;&quot;,&quot;focal_length&quot;:&quot;0&quot;,&quot;iso&quot;:&quot;0&quot;,&quot;shutter_speed&quot;:&quot;0&quot;,&quot;title&quot;:&quot;&quot;,&quot;orientation&quot;:&quot;0&quot;}\" data-image-title=\"WhatsApp Image 2022-01-19 at 10.51.13\" data-image-description=\"\" data-image-caption=\"\" data-large-file=\"https:\/\/eldiariodesanpedro.com.ar\/sitio\/wp-content\/uploads\/2022\/01\/WhatsApp-Image-2022-01-19-at-10.51.13.jpeg\" data-src=\"https:\/\/eldiariodesanpedro.com.ar\/sitio\/wp-content\/uploads\/2022\/01\/WhatsApp-Image-2022-01-19-at-10.51.13.jpeg\" alt=\"\" class=\"wp-image-103167 lazyload\" data-srcset=\"https:\/\/eldiariodesanpedro.com.ar\/sitio\/wp-content\/uploads\/2022\/01\/WhatsApp-Image-2022-01-19-at-10.51.13.jpeg 393w, https:\/\/eldiariodesanpedro.com.ar\/sitio\/wp-content\/uploads\/2022\/01\/WhatsApp-Image-2022-01-19-at-10.51.13-187x300.jpeg 187w\" data-sizes=\"(max-width: 393px) 100vw, 393px\" src=\"data:image\/svg+xml;base64,PHN2ZyB3aWR0aD0iMSIgaGVpZ2h0PSIxIiB4bWxucz0iaHR0cDovL3d3dy53My5vcmcvMjAwMC9zdmciPjwvc3ZnPg==\" style=\"--smush-placeholder-width: 393px; --smush-placeholder-aspect-ratio: 393\/630;\" \/><\/figure>\n","protected":false},"excerpt":{"rendered":"<p>En la noche de este martes alrededor de las 23 hs en Crucero Gral Belgrano e Independencia dos sujetos que no fueron identificados quienes circulaban en una motocicleta color negra llevando bulto, al advertir polic\u00eda se descartan y fugan perdi\u00e9ndose de vista pese operativo cerrojo.&nbsp; Resultaba una manta con pl\u00e1sticos de motocicletas posiblemente sustra\u00edda el [&hellip;]<\/p>\n","protected":false},"author":4,"featured_media":103166,"comment_status":"closed","ping_status":"closed","sticky":false,"template":"","format":"standard","meta":{"om_disable_all_campaigns":false,"_jetpack_memberships_contains_paid_content":false,"footnotes":""},"categories":[2,103],"tags":[197,33,95,19],"class_list":["post-103169","post","type-post","status-publish","format-standard","has-post-thumbnail","hentry","category-locales","category-policiales-locales","tag-buenos-aires","tag-locales","tag-policiales","tag-san-pedro"],"aioseo_notices":[],"gutentor_comment":0,"jetpack_featured_media_url":"https:\/\/eldiariodesanpedro.com.ar\/sitio\/wp-content\/uploads\/2022\/01\/medida-18.jpg","jetpack_shortlink":"https:\/\/wp.me\/p6RhLt-qQ1","jetpack_sharing_enabled":true,"_links":{"self":[{"href":"https:\/\/eldiariodesanpedro.com.ar\/sitio\/wp-json\/wp\/v2\/posts\/103169","targetHints":{"allow":["GET"]}}],"collection":[{"href":"https:\/\/eldiariodesanpedro.com.ar\/sitio\/wp-json\/wp\/v2\/posts"}],"about":[{"href":"https:\/\/eldiariodesanpedro.com.ar\/sitio\/wp-json\/wp\/v2\/types\/post"}],"author":[{"embeddable":true,"href":"https:\/\/eldiariodesanpedro.com.ar\/sitio\/wp-json\/wp\/v2\/users\/4"}],"replies":[{"embeddable":true,"href":"https:\/\/eldiariodesanpedro.com.ar\/sitio\/wp-json\/wp\/v2\/comments?post=103169"}],"version-history":[{"count":1,"href":"https:\/\/eldiariodesanpedro.com.ar\/sitio\/wp-json\/wp\/v2\/posts\/103169\/revisions"}],"predecessor-version":[{"id":103171,"href":"https:\/\/eldiariodesanpedro.com.ar\/sitio\/wp-json\/wp\/v2\/posts\/103169\/revisions\/103171"}],"wp:featuredmedia":[{"embeddable":true,"href":"https:\/\/eldiariodesanpedro.com.ar\/sitio\/wp-json\/wp\/v2\/media\/103166"}],"wp:attachment":[{"href":"https:\/\/eldiariodesanpedro.com.ar\/sitio\/wp-json\/wp\/v2\/media?parent=103169"}],"wp:term":[{"taxonomy":"category","embeddable":true,"href":"https:\/\/eldiariodesanpedro.com.ar\/sitio\/wp-json\/wp\/v2\/categories?post=103169"},{"taxonomy":"post_tag","embeddable":true,"href":"https:\/\/eldiariodesanpedro.com.ar\/sitio\/wp-json\/wp\/v2\/tags?post=103169"}],"curies":[{"name":"wp","href":"https:\/\/api.w.org\/{rel}","templated":true}]}}