{"id":103163,"date":"2022-01-19T11:09:47","date_gmt":"2022-01-19T14:09:47","guid":{"rendered":"https:\/\/eldiariodesanpedro.com.ar\/sitio\/?p=103163"},"modified":"2022-01-19T11:09:49","modified_gmt":"2022-01-19T14:09:49","slug":"una-mujer-recibio-amenazas-y-danos-en-su-vivienda","status":"publish","type":"post","link":"https:\/\/eldiariodesanpedro.com.ar\/sitio\/una-mujer-recibio-amenazas-y-danos-en-su-vivienda\/","title":{"rendered":"Una mujer recibi\u00f3 amenazas y da\u00f1os en su vivienda"},"content":{"rendered":"<!-- VideographyWP Plugin Message: Automatic video embedding prevented by plugin options. -->\n\n<p>En la jornada de este martes en horas de la madrugada la polic\u00eda se hizo presente en una vivienda ubicada en calle Facundo Quiroga al 1200 donde una mujer de 29 a\u00f1os de edad denunci\u00f3 que se hicieron presentes varios vecinos a quienes reconoci\u00f3 quienes refirieron amenazas y provocaron da\u00f1os en una de la paredes de la finca.<\/p>\n\n\n\n<p>Se tratar\u00eda de problemas de larga data seg\u00fan la denunciante.<\/p>\n","protected":false},"excerpt":{"rendered":"<p>En la jornada de este martes en horas de la madrugada la polic\u00eda se hizo presente en una vivienda ubicada en calle Facundo Quiroga al 1200 donde una mujer de 29 a\u00f1os de edad denunci\u00f3 que se hicieron presentes varios vecinos a quienes reconoci\u00f3 quienes refirieron amenazas y provocaron da\u00f1os en una de la paredes [&hellip;]<\/p>\n","protected":false},"author":4,"featured_media":77910,"comment_status":"closed","ping_status":"closed","sticky":false,"template":"","format":"standard","meta":{"om_disable_all_campaigns":false,"_jetpack_memberships_contains_paid_content":false,"footnotes":""},"categories":[2,103],"tags":[197,33,95,19],"class_list":["post-103163","post","type-post","status-publish","format-standard","has-post-thumbnail","hentry","category-locales","category-policiales-locales","tag-buenos-aires","tag-locales","tag-policiales","tag-san-pedro"],"aioseo_notices":[],"gutentor_comment":0,"jetpack_featured_media_url":"https:\/\/eldiariodesanpedro.com.ar\/sitio\/wp-content\/uploads\/2020\/07\/no_ssowqejple3k931nop1c56465t83uu31kc3o1tm219bh1_1_.jpg","jetpack_shortlink":"https:\/\/wp.me\/p6RhLt-qPV","jetpack_sharing_enabled":true,"_links":{"self":[{"href":"https:\/\/eldiariodesanpedro.com.ar\/sitio\/wp-json\/wp\/v2\/posts\/103163","targetHints":{"allow":["GET"]}}],"collection":[{"href":"https:\/\/eldiariodesanpedro.com.ar\/sitio\/wp-json\/wp\/v2\/posts"}],"about":[{"href":"https:\/\/eldiariodesanpedro.com.ar\/sitio\/wp-json\/wp\/v2\/types\/post"}],"author":[{"embeddable":true,"href":"https:\/\/eldiariodesanpedro.com.ar\/sitio\/wp-json\/wp\/v2\/users\/4"}],"replies":[{"embeddable":true,"href":"https:\/\/eldiariodesanpedro.com.ar\/sitio\/wp-json\/wp\/v2\/comments?post=103163"}],"version-history":[{"count":1,"href":"https:\/\/eldiariodesanpedro.com.ar\/sitio\/wp-json\/wp\/v2\/posts\/103163\/revisions"}],"predecessor-version":[{"id":103164,"href":"https:\/\/eldiariodesanpedro.com.ar\/sitio\/wp-json\/wp\/v2\/posts\/103163\/revisions\/103164"}],"wp:featuredmedia":[{"embeddable":true,"href":"https:\/\/eldiariodesanpedro.com.ar\/sitio\/wp-json\/wp\/v2\/media\/77910"}],"wp:attachment":[{"href":"https:\/\/eldiariodesanpedro.com.ar\/sitio\/wp-json\/wp\/v2\/media?parent=103163"}],"wp:term":[{"taxonomy":"category","embeddable":true,"href":"https:\/\/eldiariodesanpedro.com.ar\/sitio\/wp-json\/wp\/v2\/categories?post=103163"},{"taxonomy":"post_tag","embeddable":true,"href":"https:\/\/eldiariodesanpedro.com.ar\/sitio\/wp-json\/wp\/v2\/tags?post=103163"}],"curies":[{"name":"wp","href":"https:\/\/api.w.org\/{rel}","templated":true}]}}