{"id":103146,"date":"2022-01-18T12:43:06","date_gmt":"2022-01-18T15:43:06","guid":{"rendered":"https:\/\/eldiariodesanpedro.com.ar\/sitio\/?p=103146"},"modified":"2022-01-18T12:43:07","modified_gmt":"2022-01-18T15:43:07","slug":"robaron-una-motocicleta-que-estaba-estacionada-en-la-via-publica","status":"publish","type":"post","link":"https:\/\/eldiariodesanpedro.com.ar\/sitio\/robaron-una-motocicleta-que-estaba-estacionada-en-la-via-publica\/","title":{"rendered":"Robaron una motocicleta que estaba estacionada en la v\u00eda p\u00fablica"},"content":{"rendered":"<!-- VideographyWP Plugin Message: Automatic video embedding prevented by plugin options. -->\n\n<p>En la jornada de ayer una mujer de 65 a\u00f1os de edad se acerc\u00f3 a la comisar\u00eda local para realizar una denuncia donde manifest\u00f3 que le hab\u00edan sustra\u00eddo una motocicleta.<\/p>\n\n\n\n<p>El hecho tuvo lugar a las 20:30 hs en calle ALvear al 600 cuando deja el rodado estacionado en la vereda cuando ingresa a la vivienda, al retirarse constata que autores ignorados se llevaron la moto sin violencia.<\/p>\n","protected":false},"excerpt":{"rendered":"<p>En la jornada de ayer una mujer de 65 a\u00f1os de edad se acerc\u00f3 a la comisar\u00eda local para realizar una denuncia donde manifest\u00f3 que le hab\u00edan sustra\u00eddo una motocicleta. El hecho tuvo lugar a las 20:30 hs en calle ALvear al 600 cuando deja el rodado estacionado en la vereda cuando ingresa a la [&hellip;]<\/p>\n","protected":false},"author":4,"featured_media":78786,"comment_status":"closed","ping_status":"closed","sticky":false,"template":"","format":"standard","meta":{"om_disable_all_campaigns":false,"_jetpack_memberships_contains_paid_content":false,"footnotes":""},"categories":[2,103],"tags":[197,33,95,19],"class_list":["post-103146","post","type-post","status-publish","format-standard","has-post-thumbnail","hentry","category-locales","category-policiales-locales","tag-buenos-aires","tag-locales","tag-policiales","tag-san-pedro"],"aioseo_notices":[],"gutentor_comment":0,"jetpack_featured_media_url":"https:\/\/eldiariodesanpedro.com.ar\/sitio\/wp-content\/uploads\/2020\/08\/WhatsApp-Image-2020-08-01-at-21.13.06.jpeg","jetpack_shortlink":"https:\/\/wp.me\/p6RhLt-qPE","jetpack_sharing_enabled":true,"_links":{"self":[{"href":"https:\/\/eldiariodesanpedro.com.ar\/sitio\/wp-json\/wp\/v2\/posts\/103146","targetHints":{"allow":["GET"]}}],"collection":[{"href":"https:\/\/eldiariodesanpedro.com.ar\/sitio\/wp-json\/wp\/v2\/posts"}],"about":[{"href":"https:\/\/eldiariodesanpedro.com.ar\/sitio\/wp-json\/wp\/v2\/types\/post"}],"author":[{"embeddable":true,"href":"https:\/\/eldiariodesanpedro.com.ar\/sitio\/wp-json\/wp\/v2\/users\/4"}],"replies":[{"embeddable":true,"href":"https:\/\/eldiariodesanpedro.com.ar\/sitio\/wp-json\/wp\/v2\/comments?post=103146"}],"version-history":[{"count":1,"href":"https:\/\/eldiariodesanpedro.com.ar\/sitio\/wp-json\/wp\/v2\/posts\/103146\/revisions"}],"predecessor-version":[{"id":103147,"href":"https:\/\/eldiariodesanpedro.com.ar\/sitio\/wp-json\/wp\/v2\/posts\/103146\/revisions\/103147"}],"wp:featuredmedia":[{"embeddable":true,"href":"https:\/\/eldiariodesanpedro.com.ar\/sitio\/wp-json\/wp\/v2\/media\/78786"}],"wp:attachment":[{"href":"https:\/\/eldiariodesanpedro.com.ar\/sitio\/wp-json\/wp\/v2\/media?parent=103146"}],"wp:term":[{"taxonomy":"category","embeddable":true,"href":"https:\/\/eldiariodesanpedro.com.ar\/sitio\/wp-json\/wp\/v2\/categories?post=103146"},{"taxonomy":"post_tag","embeddable":true,"href":"https:\/\/eldiariodesanpedro.com.ar\/sitio\/wp-json\/wp\/v2\/tags?post=103146"}],"curies":[{"name":"wp","href":"https:\/\/api.w.org\/{rel}","templated":true}]}}