{"id":10314,"date":"2016-11-16T18:46:35","date_gmt":"2016-11-16T21:46:35","guid":{"rendered":"https:\/\/eldiariodesanpedro.com.ar\/sitio\/?p=10314"},"modified":"2016-11-16T18:46:35","modified_gmt":"2016-11-16T21:46:35","slug":"avances-en-la-obra-y-capacitacion-al-personal-en-la-ex-clinica-san-martin","status":"publish","type":"post","link":"https:\/\/eldiariodesanpedro.com.ar\/sitio\/avances-en-la-obra-y-capacitacion-al-personal-en-la-ex-clinica-san-martin\/","title":{"rendered":"Avances en la obra y capacitaci\u00f3n al personal en la ex Cl\u00ednica San Mart\u00edn"},"content":{"rendered":"<p><!-- VideographyWP Plugin Message: Automatic video embedding prevented by plugin options. --><br \/>\nEn diferentes frentes, personal de Coopser y de la ex Cl\u00ednica San Mart\u00edn contin\u00faan llevando adelante m\u00faltiples tareas para lograr la reapertura en el menor plazo posible. M\u00e1s de 50 personas trabajan todos los d\u00edas en largas jornadas, desde el 14 de octubre, fecha en la que la Cooperativa comenz\u00f3 este proceso.<\/p>\n<p>A pesar de que por la ansiedad natural de semejante proyecto se han ido aventurando fechas posibles para el reinicio de las tareas, el Consejo de Administraci\u00f3n informa que no est\u00e1 determinado un plazo espec\u00edfico.<br \/>\n\u201cTrabajamos con el objetivo de ofrecer a los asociados y a la comunidad en general un servicio amplio, de calidad y con atenci\u00f3n de complejidades que acerquen soluciones a los pacientes\u201d, se\u00f1alaron. En esa direcci\u00f3n se mantienen reuniones y se realizan gestiones que pueden dar lugar a novedades muy importantes.<\/p>\n<p>Adem\u00e1s han comenzado capacitaciones para el personal en cuestiones de Seguridad e Higiene con charlas y actividades pr\u00e1cticas en el obrador de Coopser, y por otro lado, dentro de las alternativas disponibles tambi\u00e9n se promueven cursos y capacitaciones espec\u00edficas en temas de atenci\u00f3n y servicios de salud. <\/p>\n<p>\u201cAgradecemos a todos los que en el d\u00eda a d\u00eda muestran inter\u00e9s en la evoluci\u00f3n de este proyecto, a los medios de comunicaci\u00f3n por su inquietud permanente y a la comunidad sampedrina que espera con gran expectativa ese momento que llegar\u00e1 muy pronto\u201d, expresaron.<\/p>\n","protected":false},"excerpt":{"rendered":"<p>En diferentes frentes, personal de Coopser y de la ex Cl\u00ednica San Mart\u00edn contin\u00faan llevando adelante m\u00faltiples tareas para lograr la reapertura en el menor plazo posible. M\u00e1s de 50 personas trabajan todos los d\u00edas en largas jornadas, desde el 14 de octubre, fecha en la que la Cooperativa comenz\u00f3 este proceso. A pesar de [&hellip;]<\/p>\n","protected":false},"author":4,"featured_media":6034,"comment_status":"open","ping_status":"closed","sticky":false,"template":"","format":"standard","meta":{"om_disable_all_campaigns":false,"_jetpack_memberships_contains_paid_content":false,"footnotes":""},"categories":[101,2],"tags":[],"class_list":["post-10314","post","type-post","status-publish","format-standard","has-post-thumbnail","hentry","category-interes-general-locales","category-locales"],"aioseo_notices":[],"gutentor_comment":0,"jetpack_featured_media_url":"https:\/\/eldiariodesanpedro.com.ar\/sitio\/wp-content\/uploads\/2016\/07\/clinica-san-martin.jpg","jetpack_shortlink":"https:\/\/wp.me\/p6RhLt-2Gm","jetpack_sharing_enabled":true,"_links":{"self":[{"href":"https:\/\/eldiariodesanpedro.com.ar\/sitio\/wp-json\/wp\/v2\/posts\/10314","targetHints":{"allow":["GET"]}}],"collection":[{"href":"https:\/\/eldiariodesanpedro.com.ar\/sitio\/wp-json\/wp\/v2\/posts"}],"about":[{"href":"https:\/\/eldiariodesanpedro.com.ar\/sitio\/wp-json\/wp\/v2\/types\/post"}],"author":[{"embeddable":true,"href":"https:\/\/eldiariodesanpedro.com.ar\/sitio\/wp-json\/wp\/v2\/users\/4"}],"replies":[{"embeddable":true,"href":"https:\/\/eldiariodesanpedro.com.ar\/sitio\/wp-json\/wp\/v2\/comments?post=10314"}],"version-history":[{"count":1,"href":"https:\/\/eldiariodesanpedro.com.ar\/sitio\/wp-json\/wp\/v2\/posts\/10314\/revisions"}],"predecessor-version":[{"id":10316,"href":"https:\/\/eldiariodesanpedro.com.ar\/sitio\/wp-json\/wp\/v2\/posts\/10314\/revisions\/10316"}],"wp:featuredmedia":[{"embeddable":true,"href":"https:\/\/eldiariodesanpedro.com.ar\/sitio\/wp-json\/wp\/v2\/media\/6034"}],"wp:attachment":[{"href":"https:\/\/eldiariodesanpedro.com.ar\/sitio\/wp-json\/wp\/v2\/media?parent=10314"}],"wp:term":[{"taxonomy":"category","embeddable":true,"href":"https:\/\/eldiariodesanpedro.com.ar\/sitio\/wp-json\/wp\/v2\/categories?post=10314"},{"taxonomy":"post_tag","embeddable":true,"href":"https:\/\/eldiariodesanpedro.com.ar\/sitio\/wp-json\/wp\/v2\/tags?post=10314"}],"curies":[{"name":"wp","href":"https:\/\/api.w.org\/{rel}","templated":true}]}}