{"id":103135,"date":"2022-01-18T11:07:52","date_gmt":"2022-01-18T14:07:52","guid":{"rendered":"https:\/\/eldiariodesanpedro.com.ar\/sitio\/?p=103135"},"modified":"2022-01-18T11:07:54","modified_gmt":"2022-01-18T14:07:54","slug":"formulario-para-registrarse-como-caso-positivo-por-nexo","status":"publish","type":"post","link":"https:\/\/eldiariodesanpedro.com.ar\/sitio\/formulario-para-registrarse-como-caso-positivo-por-nexo\/","title":{"rendered":"Formulario para registrarse como Caso Positivo por nexo"},"content":{"rendered":"<!-- VideographyWP Plugin Message: Automatic video embedding prevented by plugin options. -->\n\n<p>La Secretar\u00eda de Salud de la Municipalidad de San Pedro ha habilitado un registro voluntario para que quienes son considerados Casos Positivos por criterio cl\u00ednico epidemiol\u00f3gico (NEXO), informen su situaci\u00f3n a una base de datos que permitir\u00e1 realizar un seguimiento del equipo Covid-19.<\/p>\n\n\n\n<p>La informaci\u00f3n ser\u00e1 recopilada por los profesionales del \u00e1rea y a trav\u00e9s de las v\u00edas de contacto suministradas, ser\u00e1 posible incorporar estos casos al monitoreo que se viene realizando.<\/p>\n\n\n\n<p>Se reitera que ante casos con sintomatolog\u00eda severa es recomendable formular la consulta m\u00e9dica correspondiente a trav\u00e9s de los canales habituales.<\/p>\n\n\n\n<p>Para ingresar al formulario acceder aqui: <a href=\"https:\/\/bit.ly\/3ItMpeb\">https:\/\/bit.ly\/3ItMpeb<\/a> o escanear c\u00f3digo QR.<\/p>\n\n\n\n<figure class=\"wp-block-image size-full\"><img decoding=\"async\" width=\"630\" height=\"630\" data-attachment-id=\"103136\" data-permalink=\"https:\/\/eldiariodesanpedro.com.ar\/sitio\/formulario-para-registrarse-como-caso-positivo-por-nexo\/whatsapp-image-2022-01-18-at-08-31-47\/\" data-orig-file=\"https:\/\/eldiariodesanpedro.com.ar\/sitio\/wp-content\/uploads\/2022\/01\/WhatsApp-Image-2022-01-18-at-08.31.47.jpeg\" data-orig-size=\"630,630\" data-comments-opened=\"0\" data-image-meta=\"{&quot;aperture&quot;:&quot;0&quot;,&quot;credit&quot;:&quot;&quot;,&quot;camera&quot;:&quot;&quot;,&quot;caption&quot;:&quot;&quot;,&quot;created_timestamp&quot;:&quot;0&quot;,&quot;copyright&quot;:&quot;&quot;,&quot;focal_length&quot;:&quot;0&quot;,&quot;iso&quot;:&quot;0&quot;,&quot;shutter_speed&quot;:&quot;0&quot;,&quot;title&quot;:&quot;&quot;,&quot;orientation&quot;:&quot;0&quot;}\" data-image-title=\"WhatsApp Image 2022-01-18 at 08.31.47\" data-image-description=\"\" data-image-caption=\"\" data-large-file=\"https:\/\/eldiariodesanpedro.com.ar\/sitio\/wp-content\/uploads\/2022\/01\/WhatsApp-Image-2022-01-18-at-08.31.47.jpeg\" data-src=\"https:\/\/eldiariodesanpedro.com.ar\/sitio\/wp-content\/uploads\/2022\/01\/WhatsApp-Image-2022-01-18-at-08.31.47.jpeg\" alt=\"\" class=\"wp-image-103136 lazyload\" data-srcset=\"https:\/\/eldiariodesanpedro.com.ar\/sitio\/wp-content\/uploads\/2022\/01\/WhatsApp-Image-2022-01-18-at-08.31.47.jpeg 630w, https:\/\/eldiariodesanpedro.com.ar\/sitio\/wp-content\/uploads\/2022\/01\/WhatsApp-Image-2022-01-18-at-08.31.47-300x300.jpeg 300w, https:\/\/eldiariodesanpedro.com.ar\/sitio\/wp-content\/uploads\/2022\/01\/WhatsApp-Image-2022-01-18-at-08.31.47-150x150.jpeg 150w\" data-sizes=\"(max-width: 630px) 100vw, 630px\" src=\"data:image\/svg+xml;base64,PHN2ZyB3aWR0aD0iMSIgaGVpZ2h0PSIxIiB4bWxucz0iaHR0cDovL3d3dy53My5vcmcvMjAwMC9zdmciPjwvc3ZnPg==\" style=\"--smush-placeholder-width: 630px; --smush-placeholder-aspect-ratio: 630\/630;\" \/><\/figure>\n","protected":false},"excerpt":{"rendered":"<p>La Secretar\u00eda de Salud de la Municipalidad de San Pedro ha habilitado un registro voluntario para que quienes son considerados Casos Positivos por criterio cl\u00ednico epidemiol\u00f3gico (NEXO), informen su situaci\u00f3n a una base de datos que permitir\u00e1 realizar un seguimiento del equipo Covid-19. La informaci\u00f3n ser\u00e1 recopilada por los profesionales del \u00e1rea y a trav\u00e9s [&hellip;]<\/p>\n","protected":false},"author":4,"featured_media":103137,"comment_status":"closed","ping_status":"closed","sticky":false,"template":"","format":"standard","meta":{"om_disable_all_campaigns":false,"_jetpack_memberships_contains_paid_content":false,"footnotes":""},"categories":[101,2],"tags":[197,696,33,19],"class_list":["post-103135","post","type-post","status-publish","format-standard","has-post-thumbnail","hentry","category-interes-general-locales","category-locales","tag-buenos-aires","tag-interes-general","tag-locales","tag-san-pedro"],"aioseo_notices":[],"gutentor_comment":0,"jetpack_featured_media_url":"https:\/\/eldiariodesanpedro.com.ar\/sitio\/wp-content\/uploads\/2022\/01\/2022-01-18.jpg","jetpack_shortlink":"https:\/\/wp.me\/p6RhLt-qPt","jetpack_sharing_enabled":true,"_links":{"self":[{"href":"https:\/\/eldiariodesanpedro.com.ar\/sitio\/wp-json\/wp\/v2\/posts\/103135","targetHints":{"allow":["GET"]}}],"collection":[{"href":"https:\/\/eldiariodesanpedro.com.ar\/sitio\/wp-json\/wp\/v2\/posts"}],"about":[{"href":"https:\/\/eldiariodesanpedro.com.ar\/sitio\/wp-json\/wp\/v2\/types\/post"}],"author":[{"embeddable":true,"href":"https:\/\/eldiariodesanpedro.com.ar\/sitio\/wp-json\/wp\/v2\/users\/4"}],"replies":[{"embeddable":true,"href":"https:\/\/eldiariodesanpedro.com.ar\/sitio\/wp-json\/wp\/v2\/comments?post=103135"}],"version-history":[{"count":1,"href":"https:\/\/eldiariodesanpedro.com.ar\/sitio\/wp-json\/wp\/v2\/posts\/103135\/revisions"}],"predecessor-version":[{"id":103138,"href":"https:\/\/eldiariodesanpedro.com.ar\/sitio\/wp-json\/wp\/v2\/posts\/103135\/revisions\/103138"}],"wp:featuredmedia":[{"embeddable":true,"href":"https:\/\/eldiariodesanpedro.com.ar\/sitio\/wp-json\/wp\/v2\/media\/103137"}],"wp:attachment":[{"href":"https:\/\/eldiariodesanpedro.com.ar\/sitio\/wp-json\/wp\/v2\/media?parent=103135"}],"wp:term":[{"taxonomy":"category","embeddable":true,"href":"https:\/\/eldiariodesanpedro.com.ar\/sitio\/wp-json\/wp\/v2\/categories?post=103135"},{"taxonomy":"post_tag","embeddable":true,"href":"https:\/\/eldiariodesanpedro.com.ar\/sitio\/wp-json\/wp\/v2\/tags?post=103135"}],"curies":[{"name":"wp","href":"https:\/\/api.w.org\/{rel}","templated":true}]}}