{"id":103129,"date":"2022-01-18T10:55:59","date_gmt":"2022-01-18T13:55:59","guid":{"rendered":"https:\/\/eldiariodesanpedro.com.ar\/sitio\/?p=103129"},"modified":"2022-01-18T10:59:08","modified_gmt":"2022-01-18T13:59:08","slug":"invitacion-especial-a-pymes-cooperativas-comerciantes-y-prestadores-de-servicios","status":"publish","type":"post","link":"https:\/\/eldiariodesanpedro.com.ar\/sitio\/invitacion-especial-a-pymes-cooperativas-comerciantes-y-prestadores-de-servicios\/","title":{"rendered":"Invitaci\u00f3n especial a pymes, cooperativas, comerciantes y prestadores de servicios"},"content":{"rendered":"<!-- VideographyWP Plugin Message: Automatic video embedding prevented by plugin options. -->\n\n<p>El Ministerio de Trabajo del Gobierno de la Provincia de Buenos Aires y la Delegaci\u00f3n Regional San Pedro invitan a participar de una reuni\u00f3n informativa en la que presentar\u00e1n diferentes propuestas del Estado Nacional y Provincial para el relanzamiento productivo, dentro del programa\u00a0<strong>CAJA DE HERRAMIENTAS<\/strong><\/p>\n\n\n\n<p>La convocatoria est\u00e1 dirigida a Pymes, Cooperativas, comerciantes y prestadores de todos los sectores, &nbsp;y quienes deseen recibir informaci\u00f3n sobre los beneficios y alcances de esta propuesta.<\/p>\n\n\n\n<p>La reuni\u00f3n se realizar\u00e1 el jueves 20 de enero, a las 16 hs en el Camping La Mansa, Luz y Fuerza (Avda. Espa\u00f1a y R\u00f3mulo Naon).<\/p>\n\n\n\n<p><strong>Por razones de Protocolo COVID19, se solicita la confirmaci\u00f3n de presencia a trav\u00e9s de los tel\u00e9fonos: 03329-423269 o 03329-423770.<\/strong><\/p>\n\n\n\n<figure class=\"wp-block-image size-full\"><img decoding=\"async\" width=\"445\" height=\"630\" data-attachment-id=\"103133\" data-permalink=\"https:\/\/eldiariodesanpedro.com.ar\/sitio\/invitacion-especial-a-pymes-cooperativas-comerciantes-y-prestadores-de-servicios\/trabajo\/\" data-orig-file=\"https:\/\/eldiariodesanpedro.com.ar\/sitio\/wp-content\/uploads\/2022\/01\/TRABAJO.jpeg\" data-orig-size=\"445,630\" data-comments-opened=\"0\" data-image-meta=\"{&quot;aperture&quot;:&quot;0&quot;,&quot;credit&quot;:&quot;&quot;,&quot;camera&quot;:&quot;&quot;,&quot;caption&quot;:&quot;&quot;,&quot;created_timestamp&quot;:&quot;0&quot;,&quot;copyright&quot;:&quot;&quot;,&quot;focal_length&quot;:&quot;0&quot;,&quot;iso&quot;:&quot;0&quot;,&quot;shutter_speed&quot;:&quot;0&quot;,&quot;title&quot;:&quot;&quot;,&quot;orientation&quot;:&quot;0&quot;}\" data-image-title=\"TRABAJO\" data-image-description=\"\" data-image-caption=\"\" data-large-file=\"https:\/\/eldiariodesanpedro.com.ar\/sitio\/wp-content\/uploads\/2022\/01\/TRABAJO.jpeg\" data-src=\"https:\/\/eldiariodesanpedro.com.ar\/sitio\/wp-content\/uploads\/2022\/01\/TRABAJO.jpeg\" alt=\"\" class=\"wp-image-103133 lazyload\" data-srcset=\"https:\/\/eldiariodesanpedro.com.ar\/sitio\/wp-content\/uploads\/2022\/01\/TRABAJO.jpeg 445w, https:\/\/eldiariodesanpedro.com.ar\/sitio\/wp-content\/uploads\/2022\/01\/TRABAJO-212x300.jpeg 212w\" data-sizes=\"(max-width: 445px) 100vw, 445px\" src=\"data:image\/svg+xml;base64,PHN2ZyB3aWR0aD0iMSIgaGVpZ2h0PSIxIiB4bWxucz0iaHR0cDovL3d3dy53My5vcmcvMjAwMC9zdmciPjwvc3ZnPg==\" style=\"--smush-placeholder-width: 445px; --smush-placeholder-aspect-ratio: 445\/630;\" \/><\/figure>\n","protected":false},"excerpt":{"rendered":"<p>El Ministerio de Trabajo del Gobierno de la Provincia de Buenos Aires y la Delegaci\u00f3n Regional San Pedro invitan a participar de una reuni\u00f3n informativa en la que presentar\u00e1n diferentes propuestas del Estado Nacional y Provincial para el relanzamiento productivo, dentro del programa\u00a0CAJA DE HERRAMIENTAS La convocatoria est\u00e1 dirigida a Pymes, Cooperativas, comerciantes y prestadores [&hellip;]<\/p>\n","protected":false},"author":4,"featured_media":81638,"comment_status":"closed","ping_status":"closed","sticky":false,"template":"","format":"standard","meta":{"om_disable_all_campaigns":false,"_jetpack_memberships_contains_paid_content":false,"footnotes":""},"categories":[101,2],"tags":[197,696,33,19],"class_list":["post-103129","post","type-post","status-publish","format-standard","has-post-thumbnail","hentry","category-interes-general-locales","category-locales","tag-buenos-aires","tag-interes-general","tag-locales","tag-san-pedro"],"aioseo_notices":[],"gutentor_comment":0,"jetpack_featured_media_url":"https:\/\/eldiariodesanpedro.com.ar\/sitio\/wp-content\/uploads\/2020\/10\/centro-de-comercio-e-industria_3_1.jpg","jetpack_shortlink":"https:\/\/wp.me\/p6RhLt-qPn","jetpack_sharing_enabled":true,"_links":{"self":[{"href":"https:\/\/eldiariodesanpedro.com.ar\/sitio\/wp-json\/wp\/v2\/posts\/103129","targetHints":{"allow":["GET"]}}],"collection":[{"href":"https:\/\/eldiariodesanpedro.com.ar\/sitio\/wp-json\/wp\/v2\/posts"}],"about":[{"href":"https:\/\/eldiariodesanpedro.com.ar\/sitio\/wp-json\/wp\/v2\/types\/post"}],"author":[{"embeddable":true,"href":"https:\/\/eldiariodesanpedro.com.ar\/sitio\/wp-json\/wp\/v2\/users\/4"}],"replies":[{"embeddable":true,"href":"https:\/\/eldiariodesanpedro.com.ar\/sitio\/wp-json\/wp\/v2\/comments?post=103129"}],"version-history":[{"count":2,"href":"https:\/\/eldiariodesanpedro.com.ar\/sitio\/wp-json\/wp\/v2\/posts\/103129\/revisions"}],"predecessor-version":[{"id":103134,"href":"https:\/\/eldiariodesanpedro.com.ar\/sitio\/wp-json\/wp\/v2\/posts\/103129\/revisions\/103134"}],"wp:featuredmedia":[{"embeddable":true,"href":"https:\/\/eldiariodesanpedro.com.ar\/sitio\/wp-json\/wp\/v2\/media\/81638"}],"wp:attachment":[{"href":"https:\/\/eldiariodesanpedro.com.ar\/sitio\/wp-json\/wp\/v2\/media?parent=103129"}],"wp:term":[{"taxonomy":"category","embeddable":true,"href":"https:\/\/eldiariodesanpedro.com.ar\/sitio\/wp-json\/wp\/v2\/categories?post=103129"},{"taxonomy":"post_tag","embeddable":true,"href":"https:\/\/eldiariodesanpedro.com.ar\/sitio\/wp-json\/wp\/v2\/tags?post=103129"}],"curies":[{"name":"wp","href":"https:\/\/api.w.org\/{rel}","templated":true}]}}