{"id":103124,"date":"2022-01-17T19:11:32","date_gmt":"2022-01-17T22:11:32","guid":{"rendered":"https:\/\/eldiariodesanpedro.com.ar\/sitio\/?p=103124"},"modified":"2022-01-17T19:11:34","modified_gmt":"2022-01-17T22:11:34","slug":"el-proximo-sabado-carmen-barbieri-no-se-presentara-pero-si-polino-y-tauro","status":"publish","type":"post","link":"https:\/\/eldiariodesanpedro.com.ar\/sitio\/el-proximo-sabado-carmen-barbieri-no-se-presentara-pero-si-polino-y-tauro\/","title":{"rendered":"El pr\u00f3ximo s\u00e1bado Carmen Barbieri no se presentara pero si Polino y Tauro"},"content":{"rendered":"<!-- VideographyWP Plugin Message: Automatic video embedding prevented by plugin options. -->\n\n<p>La Secretar\u00eda de Turismo y Cultura de la Municipalidad de San Pedro informa que desde CV Producciones se ha confirmado que el pr\u00f3ximo s\u00e1bado no se presentar\u00e1 la obra HISOPADISIMOS, ante la indisposici\u00f3n de la actriz Carmen Barbieri quien ha suspendido todas sus actividades tras haber resultado Covid positivo.<\/p>\n\n\n\n<p>El s\u00e1bado 22 a las 22 en el Centro Cultural Abelardo Castillo se presentar\u00e1 la segunda ronda del reality Talentos de San Pedro con la participaci\u00f3n de Marcelo Polino y Marcela Tauro para la cual han sido seleccionadas, Roc\u00edo Guilmen, Victoria Egel, Agustina Penido, Nazareno Colazo (Baradero) y Alejandro Moreno.<\/p>\n\n\n\n<p>Las entradas se venden el CC anticipadas y en la boleter\u00eda el mismo s\u00e1bado por la noche.<\/p>\n\n\n\n<figure class=\"wp-block-image size-full\"><img decoding=\"async\" width=\"504\" height=\"630\" data-attachment-id=\"103125\" data-permalink=\"https:\/\/eldiariodesanpedro.com.ar\/sitio\/el-proximo-sabado-carmen-barbieri-no-se-presentara-pero-si-polino-y-tauro\/whatsapp-image-2022-01-17-at-17-58-22\/\" data-orig-file=\"https:\/\/eldiariodesanpedro.com.ar\/sitio\/wp-content\/uploads\/2022\/01\/WhatsApp-Image-2022-01-17-at-17.58.22.jpeg\" data-orig-size=\"504,630\" data-comments-opened=\"0\" data-image-meta=\"{&quot;aperture&quot;:&quot;0&quot;,&quot;credit&quot;:&quot;&quot;,&quot;camera&quot;:&quot;&quot;,&quot;caption&quot;:&quot;&quot;,&quot;created_timestamp&quot;:&quot;0&quot;,&quot;copyright&quot;:&quot;&quot;,&quot;focal_length&quot;:&quot;0&quot;,&quot;iso&quot;:&quot;0&quot;,&quot;shutter_speed&quot;:&quot;0&quot;,&quot;title&quot;:&quot;&quot;,&quot;orientation&quot;:&quot;0&quot;}\" data-image-title=\"WhatsApp Image 2022-01-17 at 17.58.22\" data-image-description=\"\" data-image-caption=\"\" data-large-file=\"https:\/\/eldiariodesanpedro.com.ar\/sitio\/wp-content\/uploads\/2022\/01\/WhatsApp-Image-2022-01-17-at-17.58.22.jpeg\" data-src=\"https:\/\/eldiariodesanpedro.com.ar\/sitio\/wp-content\/uploads\/2022\/01\/WhatsApp-Image-2022-01-17-at-17.58.22.jpeg\" alt=\"\" class=\"wp-image-103125 lazyload\" data-srcset=\"https:\/\/eldiariodesanpedro.com.ar\/sitio\/wp-content\/uploads\/2022\/01\/WhatsApp-Image-2022-01-17-at-17.58.22.jpeg 504w, https:\/\/eldiariodesanpedro.com.ar\/sitio\/wp-content\/uploads\/2022\/01\/WhatsApp-Image-2022-01-17-at-17.58.22-240x300.jpeg 240w\" data-sizes=\"(max-width: 504px) 100vw, 504px\" src=\"data:image\/svg+xml;base64,PHN2ZyB3aWR0aD0iMSIgaGVpZ2h0PSIxIiB4bWxucz0iaHR0cDovL3d3dy53My5vcmcvMjAwMC9zdmciPjwvc3ZnPg==\" style=\"--smush-placeholder-width: 504px; --smush-placeholder-aspect-ratio: 504\/630;\" \/><\/figure>\n","protected":false},"excerpt":{"rendered":"<p>La Secretar\u00eda de Turismo y Cultura de la Municipalidad de San Pedro informa que desde CV Producciones se ha confirmado que el pr\u00f3ximo s\u00e1bado no se presentar\u00e1 la obra HISOPADISIMOS, ante la indisposici\u00f3n de la actriz Carmen Barbieri quien ha suspendido todas sus actividades tras haber resultado Covid positivo. El s\u00e1bado 22 a las 22 [&hellip;]<\/p>\n","protected":false},"author":4,"featured_media":102865,"comment_status":"closed","ping_status":"closed","sticky":false,"template":"","format":"standard","meta":{"om_disable_all_campaigns":false,"_jetpack_memberships_contains_paid_content":false,"footnotes":""},"categories":[50,101,2],"tags":[197,696,33,19],"class_list":["post-103124","post","type-post","status-publish","format-standard","has-post-thumbnail","hentry","category-destacadas","category-interes-general-locales","category-locales","tag-buenos-aires","tag-interes-general","tag-locales","tag-san-pedro"],"aioseo_notices":[],"gutentor_comment":0,"jetpack_featured_media_url":"https:\/\/eldiariodesanpedro.com.ar\/sitio\/wp-content\/uploads\/2022\/01\/WhatsApp-Image-2022-01-10-at-13.03.27.jpeg","jetpack_shortlink":"https:\/\/wp.me\/p6RhLt-qPi","jetpack_sharing_enabled":true,"_links":{"self":[{"href":"https:\/\/eldiariodesanpedro.com.ar\/sitio\/wp-json\/wp\/v2\/posts\/103124","targetHints":{"allow":["GET"]}}],"collection":[{"href":"https:\/\/eldiariodesanpedro.com.ar\/sitio\/wp-json\/wp\/v2\/posts"}],"about":[{"href":"https:\/\/eldiariodesanpedro.com.ar\/sitio\/wp-json\/wp\/v2\/types\/post"}],"author":[{"embeddable":true,"href":"https:\/\/eldiariodesanpedro.com.ar\/sitio\/wp-json\/wp\/v2\/users\/4"}],"replies":[{"embeddable":true,"href":"https:\/\/eldiariodesanpedro.com.ar\/sitio\/wp-json\/wp\/v2\/comments?post=103124"}],"version-history":[{"count":1,"href":"https:\/\/eldiariodesanpedro.com.ar\/sitio\/wp-json\/wp\/v2\/posts\/103124\/revisions"}],"predecessor-version":[{"id":103126,"href":"https:\/\/eldiariodesanpedro.com.ar\/sitio\/wp-json\/wp\/v2\/posts\/103124\/revisions\/103126"}],"wp:featuredmedia":[{"embeddable":true,"href":"https:\/\/eldiariodesanpedro.com.ar\/sitio\/wp-json\/wp\/v2\/media\/102865"}],"wp:attachment":[{"href":"https:\/\/eldiariodesanpedro.com.ar\/sitio\/wp-json\/wp\/v2\/media?parent=103124"}],"wp:term":[{"taxonomy":"category","embeddable":true,"href":"https:\/\/eldiariodesanpedro.com.ar\/sitio\/wp-json\/wp\/v2\/categories?post=103124"},{"taxonomy":"post_tag","embeddable":true,"href":"https:\/\/eldiariodesanpedro.com.ar\/sitio\/wp-json\/wp\/v2\/tags?post=103124"}],"curies":[{"name":"wp","href":"https:\/\/api.w.org\/{rel}","templated":true}]}}