{"id":103103,"date":"2022-01-17T16:25:35","date_gmt":"2022-01-17T19:25:35","guid":{"rendered":"https:\/\/eldiariodesanpedro.com.ar\/sitio\/?p=103103"},"modified":"2022-01-17T16:26:28","modified_gmt":"2022-01-17T19:26:28","slug":"baradero-don-osvaldo-actuara-dos-fechas-en-abril-en-el-anfiteatro","status":"publish","type":"post","link":"https:\/\/eldiariodesanpedro.com.ar\/sitio\/baradero-don-osvaldo-actuara-dos-fechas-en-abril-en-el-anfiteatro\/","title":{"rendered":"BARADERO | Don Osvaldo actuar\u00e1 dos fechas en abril en el anfiteatro"},"content":{"rendered":"<!-- VideographyWP Plugin Message: Automatic video embedding prevented by plugin options. -->\n\n<p>La banda liderada por Patricio Fontanet volver\u00e1 a Baradero con una fecha doble, el s\u00e1bado 2 y el domingo 3. As\u00ed lo comunic\u00f3 en sus redes sociales el intendente Esteban Sanzio.\u00a0<\/p>\n\n\n\n<p>Baradero ser\u00e1 nuevamente escenario de la presentaci\u00f3n de&nbsp;<strong>Don Osvaldo<\/strong>, la banda liderada por Pato Fontanet. As\u00ed lo anunci\u00f3 este domingo a trav\u00e9s de sus redes sociales el intendente Esteban Sanzio.<\/p>\n\n\n\n<p>La presentaci\u00f3n de los ex Callejeros est\u00e1 prevista para el&nbsp;<strong>s\u00e1bado 2 y el domingo 3 de abril en el Anfiteatro Municipal<\/strong>. \u00abEn 2022 Baradero vuelve a ser la ciudad del encuentro de la m\u00fasica, la danza y de toda nuestra cultura\u00bb, expres\u00f3 Sanzio a trav\u00e9s de su perfil en Facebook.<\/p>\n\n\n\n<p><strong>Las entradas estar\u00e1n a la venta desde el pr\u00f3ximo lunes 24 de enero<\/strong>. Podr\u00e1n comprarse de manera online, en&nbsp;<a href=\"http:\/\/www.edenentradas.com.ar\/\">www.edenentradas.com.ar<\/a>, o bien en los puntos habilitados, que se detallan a continuaci\u00f3n:<\/p>\n\n\n\n<p>Baradero: Cover Disc, Anchorena 1076<br>Caba: Altos Precios, Lavallol 2081<br>C\u00f3rdoba: Disquer\u00eda Ed\u00e9n, Obispo Trejo 15<br>Villa Mar\u00eda: Ecom\u00fasica, San Mart\u00edn 133<br>Rosario: Donington, Sarmiento 920<\/p>\n\n\n\n<p>El costo de las mismas, seg\u00fan fue adelantado, ser\u00e1 de $3200 m\u00e1s el cargo por el servicio de venta, de 320 pesos.\u00a0<\/p>\n\n\n\n<figure class=\"wp-block-image size-full\"><img decoding=\"async\" width=\"630\" height=\"630\" data-attachment-id=\"103104\" data-permalink=\"https:\/\/eldiariodesanpedro.com.ar\/sitio\/baradero-don-osvaldo-actuara-dos-fechas-en-abril-en-el-anfiteatro\/271917371_3012762702269460_910393155565851211_n\/\" data-orig-file=\"https:\/\/eldiariodesanpedro.com.ar\/sitio\/wp-content\/uploads\/2022\/01\/271917371_3012762702269460_910393155565851211_n.jpg\" data-orig-size=\"630,630\" data-comments-opened=\"0\" data-image-meta=\"{&quot;aperture&quot;:&quot;0&quot;,&quot;credit&quot;:&quot;&quot;,&quot;camera&quot;:&quot;&quot;,&quot;caption&quot;:&quot;&quot;,&quot;created_timestamp&quot;:&quot;0&quot;,&quot;copyright&quot;:&quot;&quot;,&quot;focal_length&quot;:&quot;0&quot;,&quot;iso&quot;:&quot;0&quot;,&quot;shutter_speed&quot;:&quot;0&quot;,&quot;title&quot;:&quot;&quot;,&quot;orientation&quot;:&quot;0&quot;}\" data-image-title=\"271917371_3012762702269460_910393155565851211_n\" data-image-description=\"\" data-image-caption=\"\" data-large-file=\"https:\/\/eldiariodesanpedro.com.ar\/sitio\/wp-content\/uploads\/2022\/01\/271917371_3012762702269460_910393155565851211_n.jpg\" data-src=\"https:\/\/eldiariodesanpedro.com.ar\/sitio\/wp-content\/uploads\/2022\/01\/271917371_3012762702269460_910393155565851211_n.jpg\" alt=\"\" class=\"wp-image-103104 lazyload\" data-srcset=\"https:\/\/eldiariodesanpedro.com.ar\/sitio\/wp-content\/uploads\/2022\/01\/271917371_3012762702269460_910393155565851211_n.jpg 630w, https:\/\/eldiariodesanpedro.com.ar\/sitio\/wp-content\/uploads\/2022\/01\/271917371_3012762702269460_910393155565851211_n-300x300.jpg 300w, https:\/\/eldiariodesanpedro.com.ar\/sitio\/wp-content\/uploads\/2022\/01\/271917371_3012762702269460_910393155565851211_n-150x150.jpg 150w\" data-sizes=\"(max-width: 630px) 100vw, 630px\" src=\"data:image\/svg+xml;base64,PHN2ZyB3aWR0aD0iMSIgaGVpZ2h0PSIxIiB4bWxucz0iaHR0cDovL3d3dy53My5vcmcvMjAwMC9zdmciPjwvc3ZnPg==\" style=\"--smush-placeholder-width: 630px; --smush-placeholder-aspect-ratio: 630\/630;\" \/><\/figure>\n","protected":false},"excerpt":{"rendered":"<p>La banda liderada por Patricio Fontanet volver\u00e1 a Baradero con una fecha doble, el s\u00e1bado 2 y el domingo 3. As\u00ed lo comunic\u00f3 en sus redes sociales el intendente Esteban Sanzio.\u00a0 Baradero ser\u00e1 nuevamente escenario de la presentaci\u00f3n de&nbsp;Don Osvaldo, la banda liderada por Pato Fontanet. As\u00ed lo anunci\u00f3 este domingo a trav\u00e9s de sus [&hellip;]<\/p>\n","protected":false},"author":4,"featured_media":103105,"comment_status":"closed","ping_status":"closed","sticky":false,"template":"","format":"standard","meta":{"om_disable_all_campaigns":false,"_jetpack_memberships_contains_paid_content":false,"footnotes":""},"categories":[50,621],"tags":[197,696,33,19],"class_list":["post-103103","post","type-post","status-publish","format-standard","has-post-thumbnail","hentry","category-destacadas","category-regionales","tag-buenos-aires","tag-interes-general","tag-locales","tag-san-pedro"],"aioseo_notices":[],"gutentor_comment":0,"jetpack_featured_media_url":"https:\/\/eldiariodesanpedro.com.ar\/sitio\/wp-content\/uploads\/2022\/01\/5PQS3BWT2JHBXLLM5AWDK35OQU.jpg","jetpack_shortlink":"https:\/\/wp.me\/p6RhLt-qOX","jetpack_sharing_enabled":true,"_links":{"self":[{"href":"https:\/\/eldiariodesanpedro.com.ar\/sitio\/wp-json\/wp\/v2\/posts\/103103","targetHints":{"allow":["GET"]}}],"collection":[{"href":"https:\/\/eldiariodesanpedro.com.ar\/sitio\/wp-json\/wp\/v2\/posts"}],"about":[{"href":"https:\/\/eldiariodesanpedro.com.ar\/sitio\/wp-json\/wp\/v2\/types\/post"}],"author":[{"embeddable":true,"href":"https:\/\/eldiariodesanpedro.com.ar\/sitio\/wp-json\/wp\/v2\/users\/4"}],"replies":[{"embeddable":true,"href":"https:\/\/eldiariodesanpedro.com.ar\/sitio\/wp-json\/wp\/v2\/comments?post=103103"}],"version-history":[{"count":1,"href":"https:\/\/eldiariodesanpedro.com.ar\/sitio\/wp-json\/wp\/v2\/posts\/103103\/revisions"}],"predecessor-version":[{"id":103106,"href":"https:\/\/eldiariodesanpedro.com.ar\/sitio\/wp-json\/wp\/v2\/posts\/103103\/revisions\/103106"}],"wp:featuredmedia":[{"embeddable":true,"href":"https:\/\/eldiariodesanpedro.com.ar\/sitio\/wp-json\/wp\/v2\/media\/103105"}],"wp:attachment":[{"href":"https:\/\/eldiariodesanpedro.com.ar\/sitio\/wp-json\/wp\/v2\/media?parent=103103"}],"wp:term":[{"taxonomy":"category","embeddable":true,"href":"https:\/\/eldiariodesanpedro.com.ar\/sitio\/wp-json\/wp\/v2\/categories?post=103103"},{"taxonomy":"post_tag","embeddable":true,"href":"https:\/\/eldiariodesanpedro.com.ar\/sitio\/wp-json\/wp\/v2\/tags?post=103103"}],"curies":[{"name":"wp","href":"https:\/\/api.w.org\/{rel}","templated":true}]}}