{"id":103099,"date":"2022-01-17T16:19:54","date_gmt":"2022-01-17T19:19:54","guid":{"rendered":"https:\/\/eldiariodesanpedro.com.ar\/sitio\/?p=103099"},"modified":"2022-01-17T16:19:56","modified_gmt":"2022-01-17T19:19:56","slug":"descubren-piezas-de-dos-mastodontes-en-diferentes-lugares-de-san-pedro","status":"publish","type":"post","link":"https:\/\/eldiariodesanpedro.com.ar\/sitio\/descubren-piezas-de-dos-mastodontes-en-diferentes-lugares-de-san-pedro\/","title":{"rendered":"Descubren piezas de dos mastodontes en diferentes lugares de San Pedro"},"content":{"rendered":"<!-- VideographyWP Plugin Message: Automatic video embedding prevented by plugin options. -->\n\n<p>El Museo Paleontol\u00f3gico \u201cFray Manuel de Torres\u201d acaba de recuperar parte de una mano y una rama mandibular con dentici\u00f3n de dos ejemplares de mastodontes, parientes prehist\u00f3ricos de los elefantes actuales.<\/p>\n\n\n\n<p><strong><u>UNA MANO ARTICULADA<\/u><\/strong><\/p>\n\n\n\n<p>Uno de los f\u00f3siles hallados es un carpo, parte de las patas delanteras de uno de aquellos parientes prehist\u00f3ricos de los elefantes actuales. La pieza, con todos sus partes \u00f3seas articuladas en posici\u00f3n de vida, fue descubierta por Walter Parra y Jos\u00e9 Luis Aguilar en la cantera \u201cAgus-Mar\u201d, de la familia Iglesias.<\/p>\n\n\n\n<p>La mano fosilizada del gran herb\u00edvoro fue hallada en sedimentos depositados hace unos 700.000 a\u00f1os, durante la etapa final de la edad Ensenadense. Estos animales, pose\u00edan una capa de tejido graso debajo de sus manos que actuaba de almohadilla para amortiguar el peso del mastodonte cuando caminaba.<\/p>\n\n\n\n<p>Estos enormes mam\u00edferos ten\u00edan un aspecto similar al de los elefantes actuales y desarrollaban colmillos o defensas que superaban los 2 metros de longitud.<\/p>\n\n\n\n<p><strong><u>UNA ENORME MAND\u00cdBULA<\/u><\/strong><\/p>\n\n\n\n<p>Al sur del partido, en sedimentos depositados a finales del Pleistoceno, fueron recuperados restos de un segundo ejemplar. Una enorme mand\u00edbula con su dentici\u00f3n completa pero extremadamente desgastada.<\/p>\n\n\n\n<p>La pieza descubierta mide 54 cent\u00edmetros de longitud y corresponde a la rama mandibular izquierda, junto a parte de la rama derecha, articuladas.<\/p>\n\n\n\n<p>La enorme pieza conserva el gran molar, de 24 cent\u00edmetros de largo, caracter\u00edstico de la boca de estos animales, que presenta un desgaste muy notorio en la superficie de masticaci\u00f3n.<\/p>\n\n\n\n<p>La abrasi\u00f3n de los vegetales de los que se alimentaban estos animales, sumado a la gran cantidad que deb\u00edan consumir diariamente para conservar su masa corporal, produc\u00eda el desgaste que se observa en la superficie del molar.<\/p>\n\n\n\n<p>La revisi\u00f3n de las piezas fue realizada entre el Grupo Conservacionista de F\u00f3siles y el Dr. Luciano Brambilla, del Centro de Estudios Interdisciplinarios de la Univ. de Rosario.<\/p>\n\n\n\n<figure class=\"wp-block-image size-full\"><img decoding=\"async\" width=\"391\" height=\"630\" data-attachment-id=\"103100\" data-permalink=\"https:\/\/eldiariodesanpedro.com.ar\/sitio\/descubren-piezas-de-dos-mastodontes-en-diferentes-lugares-de-san-pedro\/img_20220114_165707837_3\/\" data-orig-file=\"https:\/\/eldiariodesanpedro.com.ar\/sitio\/wp-content\/uploads\/2022\/01\/IMG_20220114_165707837_3.jpg\" data-orig-size=\"391,630\" data-comments-opened=\"0\" data-image-meta=\"{&quot;aperture&quot;:&quot;1.7&quot;,&quot;credit&quot;:&quot;&quot;,&quot;camera&quot;:&quot;moto g(8)&quot;,&quot;caption&quot;:&quot;&quot;,&quot;created_timestamp&quot;:&quot;1642179428&quot;,&quot;copyright&quot;:&quot;&quot;,&quot;focal_length&quot;:&quot;4.05&quot;,&quot;iso&quot;:&quot;779&quot;,&quot;shutter_speed&quot;:&quot;0.05&quot;,&quot;title&quot;:&quot;&quot;,&quot;orientation&quot;:&quot;1&quot;}\" data-image-title=\"IMG_20220114_165707837_3\" data-image-description=\"\" data-image-caption=\"\" data-large-file=\"https:\/\/eldiariodesanpedro.com.ar\/sitio\/wp-content\/uploads\/2022\/01\/IMG_20220114_165707837_3.jpg\" data-src=\"https:\/\/eldiariodesanpedro.com.ar\/sitio\/wp-content\/uploads\/2022\/01\/IMG_20220114_165707837_3.jpg\" alt=\"\" class=\"wp-image-103100 lazyload\" data-srcset=\"https:\/\/eldiariodesanpedro.com.ar\/sitio\/wp-content\/uploads\/2022\/01\/IMG_20220114_165707837_3.jpg 391w, https:\/\/eldiariodesanpedro.com.ar\/sitio\/wp-content\/uploads\/2022\/01\/IMG_20220114_165707837_3-186x300.jpg 186w\" data-sizes=\"(max-width: 391px) 100vw, 391px\" src=\"data:image\/svg+xml;base64,PHN2ZyB3aWR0aD0iMSIgaGVpZ2h0PSIxIiB4bWxucz0iaHR0cDovL3d3dy53My5vcmcvMjAwMC9zdmciPjwvc3ZnPg==\" style=\"--smush-placeholder-width: 391px; --smush-placeholder-aspect-ratio: 391\/630;\" \/><\/figure>\n","protected":false},"excerpt":{"rendered":"<p>El Museo Paleontol\u00f3gico \u201cFray Manuel de Torres\u201d acaba de recuperar parte de una mano y una rama mandibular con dentici\u00f3n de dos ejemplares de mastodontes, parientes prehist\u00f3ricos de los elefantes actuales. UNA MANO ARTICULADA Uno de los f\u00f3siles hallados es un carpo, parte de las patas delanteras de uno de aquellos parientes prehist\u00f3ricos de los [&hellip;]<\/p>\n","protected":false},"author":4,"featured_media":103101,"comment_status":"closed","ping_status":"closed","sticky":false,"template":"","format":"standard","meta":{"om_disable_all_campaigns":false,"_jetpack_memberships_contains_paid_content":false,"footnotes":""},"categories":[50,101,2],"tags":[197,696,33,19],"class_list":["post-103099","post","type-post","status-publish","format-standard","has-post-thumbnail","hentry","category-destacadas","category-interes-general-locales","category-locales","tag-buenos-aires","tag-interes-general","tag-locales","tag-san-pedro"],"aioseo_notices":[],"gutentor_comment":0,"jetpack_featured_media_url":"https:\/\/eldiariodesanpedro.com.ar\/sitio\/wp-content\/uploads\/2022\/01\/MANO-MASTODONTE.jpg","jetpack_shortlink":"https:\/\/wp.me\/p6RhLt-qOT","jetpack_sharing_enabled":true,"_links":{"self":[{"href":"https:\/\/eldiariodesanpedro.com.ar\/sitio\/wp-json\/wp\/v2\/posts\/103099","targetHints":{"allow":["GET"]}}],"collection":[{"href":"https:\/\/eldiariodesanpedro.com.ar\/sitio\/wp-json\/wp\/v2\/posts"}],"about":[{"href":"https:\/\/eldiariodesanpedro.com.ar\/sitio\/wp-json\/wp\/v2\/types\/post"}],"author":[{"embeddable":true,"href":"https:\/\/eldiariodesanpedro.com.ar\/sitio\/wp-json\/wp\/v2\/users\/4"}],"replies":[{"embeddable":true,"href":"https:\/\/eldiariodesanpedro.com.ar\/sitio\/wp-json\/wp\/v2\/comments?post=103099"}],"version-history":[{"count":1,"href":"https:\/\/eldiariodesanpedro.com.ar\/sitio\/wp-json\/wp\/v2\/posts\/103099\/revisions"}],"predecessor-version":[{"id":103102,"href":"https:\/\/eldiariodesanpedro.com.ar\/sitio\/wp-json\/wp\/v2\/posts\/103099\/revisions\/103102"}],"wp:featuredmedia":[{"embeddable":true,"href":"https:\/\/eldiariodesanpedro.com.ar\/sitio\/wp-json\/wp\/v2\/media\/103101"}],"wp:attachment":[{"href":"https:\/\/eldiariodesanpedro.com.ar\/sitio\/wp-json\/wp\/v2\/media?parent=103099"}],"wp:term":[{"taxonomy":"category","embeddable":true,"href":"https:\/\/eldiariodesanpedro.com.ar\/sitio\/wp-json\/wp\/v2\/categories?post=103099"},{"taxonomy":"post_tag","embeddable":true,"href":"https:\/\/eldiariodesanpedro.com.ar\/sitio\/wp-json\/wp\/v2\/tags?post=103099"}],"curies":[{"name":"wp","href":"https:\/\/api.w.org\/{rel}","templated":true}]}}