{"id":103093,"date":"2022-01-17T16:05:00","date_gmt":"2022-01-17T19:05:00","guid":{"rendered":"https:\/\/eldiariodesanpedro.com.ar\/sitio\/?p=103093"},"modified":"2022-01-17T16:05:02","modified_gmt":"2022-01-17T19:05:02","slug":"una-joven-fue-golpeada-por-un-grupo-de-mujeres-cuando-salian-del-boliche","status":"publish","type":"post","link":"https:\/\/eldiariodesanpedro.com.ar\/sitio\/una-joven-fue-golpeada-por-un-grupo-de-mujeres-cuando-salian-del-boliche\/","title":{"rendered":"Una joven fue golpeada por un grupo de mujeres cuando sal\u00edan del boliche"},"content":{"rendered":"<!-- VideographyWP Plugin Message: Automatic video embedding prevented by plugin options. -->\n\n<p>Este lunes denunci\u00f3&nbsp; en la comisar\u00eda local una mujer de 18 a\u00f1os de edad, que siendo aproximadamente las 05:30 horas, momento en el cual se encontraba en calle Pellegrini y Rafael Obligado, junto a su amiga, se hace presente un grupo de femeninas entre las cuales una de ellas le propina golpes de pu\u00f1o en su rostro y le refiere amenazas.&nbsp;<\/p>\n\n\n\n<p>La v\u00edctima reconoce a la agresora, tras ser consultada refiere conflictos de vieja data. Interviene fiscal\u00eda local en turno.<\/p>\n","protected":false},"excerpt":{"rendered":"<p>Este lunes denunci\u00f3&nbsp; en la comisar\u00eda local una mujer de 18 a\u00f1os de edad, que siendo aproximadamente las 05:30 horas, momento en el cual se encontraba en calle Pellegrini y Rafael Obligado, junto a su amiga, se hace presente un grupo de femeninas entre las cuales una de ellas le propina golpes de pu\u00f1o en [&hellip;]<\/p>\n","protected":false},"author":4,"featured_media":77860,"comment_status":"closed","ping_status":"closed","sticky":false,"template":"","format":"standard","meta":{"om_disable_all_campaigns":false,"_jetpack_memberships_contains_paid_content":false,"footnotes":""},"categories":[2,103],"tags":[197,33,95,19],"class_list":["post-103093","post","type-post","status-publish","format-standard","has-post-thumbnail","hentry","category-locales","category-policiales-locales","tag-buenos-aires","tag-locales","tag-policiales","tag-san-pedro"],"aioseo_notices":[],"gutentor_comment":0,"jetpack_featured_media_url":"https:\/\/eldiariodesanpedro.com.ar\/sitio\/wp-content\/uploads\/2020\/07\/000085506.jpg","jetpack_shortlink":"https:\/\/wp.me\/p6RhLt-qON","jetpack_sharing_enabled":true,"_links":{"self":[{"href":"https:\/\/eldiariodesanpedro.com.ar\/sitio\/wp-json\/wp\/v2\/posts\/103093","targetHints":{"allow":["GET"]}}],"collection":[{"href":"https:\/\/eldiariodesanpedro.com.ar\/sitio\/wp-json\/wp\/v2\/posts"}],"about":[{"href":"https:\/\/eldiariodesanpedro.com.ar\/sitio\/wp-json\/wp\/v2\/types\/post"}],"author":[{"embeddable":true,"href":"https:\/\/eldiariodesanpedro.com.ar\/sitio\/wp-json\/wp\/v2\/users\/4"}],"replies":[{"embeddable":true,"href":"https:\/\/eldiariodesanpedro.com.ar\/sitio\/wp-json\/wp\/v2\/comments?post=103093"}],"version-history":[{"count":1,"href":"https:\/\/eldiariodesanpedro.com.ar\/sitio\/wp-json\/wp\/v2\/posts\/103093\/revisions"}],"predecessor-version":[{"id":103094,"href":"https:\/\/eldiariodesanpedro.com.ar\/sitio\/wp-json\/wp\/v2\/posts\/103093\/revisions\/103094"}],"wp:featuredmedia":[{"embeddable":true,"href":"https:\/\/eldiariodesanpedro.com.ar\/sitio\/wp-json\/wp\/v2\/media\/77860"}],"wp:attachment":[{"href":"https:\/\/eldiariodesanpedro.com.ar\/sitio\/wp-json\/wp\/v2\/media?parent=103093"}],"wp:term":[{"taxonomy":"category","embeddable":true,"href":"https:\/\/eldiariodesanpedro.com.ar\/sitio\/wp-json\/wp\/v2\/categories?post=103093"},{"taxonomy":"post_tag","embeddable":true,"href":"https:\/\/eldiariodesanpedro.com.ar\/sitio\/wp-json\/wp\/v2\/tags?post=103093"}],"curies":[{"name":"wp","href":"https:\/\/api.w.org\/{rel}","templated":true}]}}