{"id":103090,"date":"2022-01-17T16:01:37","date_gmt":"2022-01-17T19:01:37","guid":{"rendered":"https:\/\/eldiariodesanpedro.com.ar\/sitio\/?p=103090"},"modified":"2022-01-17T16:01:39","modified_gmt":"2022-01-17T19:01:39","slug":"la-policia-aprehendio-a-un-delincuente-con-antecedentes-in-fraganti-con-los-objetos-robados","status":"publish","type":"post","link":"https:\/\/eldiariodesanpedro.com.ar\/sitio\/la-policia-aprehendio-a-un-delincuente-con-antecedentes-in-fraganti-con-los-objetos-robados\/","title":{"rendered":"La polic\u00eda aprehendi\u00f3 a un delincuente con antecedentes in fraganti con los objetos robados"},"content":{"rendered":"<!-- VideographyWP Plugin Message: Automatic video embedding prevented by plugin options. -->\n\n<p>Esta madrugada alrededor de las 03 horas, el personal policial tras ser alertado por un llamado al 911 acude a calle Miguel Porta al 2500, donde procede a la aprehensi\u00f3n de un delincuente de 22 a\u00f1os de edad en fuga, secuestrando un televisor y un ventilador los que sustrajo instantes antes, previo da\u00f1ar puerta principal de madera del domicilio de una mujer de 26 a\u00f1os de edad, ubicada en calle Bottaro al 2500 en ausencia de moradores.&nbsp;&nbsp;<\/p>\n\n\n\n<p>El delincuente permanece alojado y se pudo verificar que&nbsp; cuenta con antecedentes de la misma modalidad.<\/p>\n","protected":false},"excerpt":{"rendered":"<p>Esta madrugada alrededor de las 03 horas, el personal policial tras ser alertado por un llamado al 911 acude a calle Miguel Porta al 2500, donde procede a la aprehensi\u00f3n de un delincuente de 22 a\u00f1os de edad en fuga, secuestrando un televisor y un ventilador los que sustrajo instantes antes, previo da\u00f1ar puerta principal [&hellip;]<\/p>\n","protected":false},"author":4,"featured_media":103091,"comment_status":"closed","ping_status":"closed","sticky":false,"template":"","format":"standard","meta":{"om_disable_all_campaigns":false,"_jetpack_memberships_contains_paid_content":false,"footnotes":""},"categories":[2,103],"tags":[197,33,95,19],"class_list":["post-103090","post","type-post","status-publish","format-standard","has-post-thumbnail","hentry","category-locales","category-policiales-locales","tag-buenos-aires","tag-locales","tag-policiales","tag-san-pedro"],"aioseo_notices":[],"gutentor_comment":0,"jetpack_featured_media_url":"https:\/\/eldiariodesanpedro.com.ar\/sitio\/wp-content\/uploads\/2022\/01\/medida-16.jpg","jetpack_shortlink":"https:\/\/wp.me\/p6RhLt-qOK","jetpack_sharing_enabled":true,"_links":{"self":[{"href":"https:\/\/eldiariodesanpedro.com.ar\/sitio\/wp-json\/wp\/v2\/posts\/103090","targetHints":{"allow":["GET"]}}],"collection":[{"href":"https:\/\/eldiariodesanpedro.com.ar\/sitio\/wp-json\/wp\/v2\/posts"}],"about":[{"href":"https:\/\/eldiariodesanpedro.com.ar\/sitio\/wp-json\/wp\/v2\/types\/post"}],"author":[{"embeddable":true,"href":"https:\/\/eldiariodesanpedro.com.ar\/sitio\/wp-json\/wp\/v2\/users\/4"}],"replies":[{"embeddable":true,"href":"https:\/\/eldiariodesanpedro.com.ar\/sitio\/wp-json\/wp\/v2\/comments?post=103090"}],"version-history":[{"count":1,"href":"https:\/\/eldiariodesanpedro.com.ar\/sitio\/wp-json\/wp\/v2\/posts\/103090\/revisions"}],"predecessor-version":[{"id":103092,"href":"https:\/\/eldiariodesanpedro.com.ar\/sitio\/wp-json\/wp\/v2\/posts\/103090\/revisions\/103092"}],"wp:featuredmedia":[{"embeddable":true,"href":"https:\/\/eldiariodesanpedro.com.ar\/sitio\/wp-json\/wp\/v2\/media\/103091"}],"wp:attachment":[{"href":"https:\/\/eldiariodesanpedro.com.ar\/sitio\/wp-json\/wp\/v2\/media?parent=103090"}],"wp:term":[{"taxonomy":"category","embeddable":true,"href":"https:\/\/eldiariodesanpedro.com.ar\/sitio\/wp-json\/wp\/v2\/categories?post=103090"},{"taxonomy":"post_tag","embeddable":true,"href":"https:\/\/eldiariodesanpedro.com.ar\/sitio\/wp-json\/wp\/v2\/tags?post=103090"}],"curies":[{"name":"wp","href":"https:\/\/api.w.org\/{rel}","templated":true}]}}