{"id":103088,"date":"2022-01-17T15:58:14","date_gmt":"2022-01-17T18:58:14","guid":{"rendered":"https:\/\/eldiariodesanpedro.com.ar\/sitio\/?p=103088"},"modified":"2022-01-17T15:58:17","modified_gmt":"2022-01-17T18:58:17","slug":"una-pareja-en-la-zona-del-boule-victimas-de-robo-de-una-motocicleta-y-un-celular","status":"publish","type":"post","link":"https:\/\/eldiariodesanpedro.com.ar\/sitio\/una-pareja-en-la-zona-del-boule-victimas-de-robo-de-una-motocicleta-y-un-celular\/","title":{"rendered":"Una pareja en la zona del boule v\u00edctimas de robo de una motocicleta y un celular"},"content":{"rendered":"<!-- VideographyWP Plugin Message: Automatic video embedding prevented by plugin options. -->\n\n<p>Anoche en la comisar\u00eda se recibi\u00f3 la denuncia de una femenina de 22 a\u00f1os de edad, que promediando las 20 hs, momento en el cual se encontraba en zona de Boulevard, ubicado en calle Thorne y 9 de Julio, junto a su pareja masculino de 20 a\u00f1os de edad, son sorprendidos un delincuente que tras intimidarlos les sustraen la motocicleta de la femenina y el tel\u00e9fono celular de su pareja.&nbsp;<\/p>\n\n\n\n<p>El delincuente fug\u00f3 en la moto robada, mientras lo acompa\u00f1aba otro, las&nbsp; v\u00edctimas resultaron ilesas.&nbsp;<\/p>\n","protected":false},"excerpt":{"rendered":"<p>Anoche en la comisar\u00eda se recibi\u00f3 la denuncia de una femenina de 22 a\u00f1os de edad, que promediando las 20 hs, momento en el cual se encontraba en zona de Boulevard, ubicado en calle Thorne y 9 de Julio, junto a su pareja masculino de 20 a\u00f1os de edad, son sorprendidos un delincuente que tras [&hellip;]<\/p>\n","protected":false},"author":4,"featured_media":77561,"comment_status":"closed","ping_status":"closed","sticky":false,"template":"","format":"standard","meta":{"om_disable_all_campaigns":false,"_jetpack_memberships_contains_paid_content":false,"footnotes":""},"categories":[50,2,103],"tags":[197,696,33,95,19],"class_list":["post-103088","post","type-post","status-publish","format-standard","has-post-thumbnail","hentry","category-destacadas","category-locales","category-policiales-locales","tag-buenos-aires","tag-interes-general","tag-locales","tag-policiales","tag-san-pedro"],"aioseo_notices":[],"gutentor_comment":0,"jetpack_featured_media_url":"https:\/\/eldiariodesanpedro.com.ar\/sitio\/wp-content\/uploads\/2020\/07\/20200709072134.jpg","jetpack_shortlink":"https:\/\/wp.me\/p6RhLt-qOI","jetpack_sharing_enabled":true,"_links":{"self":[{"href":"https:\/\/eldiariodesanpedro.com.ar\/sitio\/wp-json\/wp\/v2\/posts\/103088","targetHints":{"allow":["GET"]}}],"collection":[{"href":"https:\/\/eldiariodesanpedro.com.ar\/sitio\/wp-json\/wp\/v2\/posts"}],"about":[{"href":"https:\/\/eldiariodesanpedro.com.ar\/sitio\/wp-json\/wp\/v2\/types\/post"}],"author":[{"embeddable":true,"href":"https:\/\/eldiariodesanpedro.com.ar\/sitio\/wp-json\/wp\/v2\/users\/4"}],"replies":[{"embeddable":true,"href":"https:\/\/eldiariodesanpedro.com.ar\/sitio\/wp-json\/wp\/v2\/comments?post=103088"}],"version-history":[{"count":1,"href":"https:\/\/eldiariodesanpedro.com.ar\/sitio\/wp-json\/wp\/v2\/posts\/103088\/revisions"}],"predecessor-version":[{"id":103089,"href":"https:\/\/eldiariodesanpedro.com.ar\/sitio\/wp-json\/wp\/v2\/posts\/103088\/revisions\/103089"}],"wp:featuredmedia":[{"embeddable":true,"href":"https:\/\/eldiariodesanpedro.com.ar\/sitio\/wp-json\/wp\/v2\/media\/77561"}],"wp:attachment":[{"href":"https:\/\/eldiariodesanpedro.com.ar\/sitio\/wp-json\/wp\/v2\/media?parent=103088"}],"wp:term":[{"taxonomy":"category","embeddable":true,"href":"https:\/\/eldiariodesanpedro.com.ar\/sitio\/wp-json\/wp\/v2\/categories?post=103088"},{"taxonomy":"post_tag","embeddable":true,"href":"https:\/\/eldiariodesanpedro.com.ar\/sitio\/wp-json\/wp\/v2\/tags?post=103088"}],"curies":[{"name":"wp","href":"https:\/\/api.w.org\/{rel}","templated":true}]}}