{"id":103085,"date":"2022-01-17T15:51:24","date_gmt":"2022-01-17T18:51:24","guid":{"rendered":"https:\/\/eldiariodesanpedro.com.ar\/sitio\/?p=103085"},"modified":"2022-01-17T15:51:26","modified_gmt":"2022-01-17T18:51:26","slug":"una-mujer-recibio-un-ladrillazo-por-parte-de-un-ciudadano-por-problemas-de-vieja-data","status":"publish","type":"post","link":"https:\/\/eldiariodesanpedro.com.ar\/sitio\/una-mujer-recibio-un-ladrillazo-por-parte-de-un-ciudadano-por-problemas-de-vieja-data\/","title":{"rendered":"Una mujer recibi\u00f3 un ladrillazo por parte de un ciudadano por problemas de vieja data"},"content":{"rendered":"<!-- VideographyWP Plugin Message: Automatic video embedding prevented by plugin options. -->\n\n<p>Este domingo siendo las 15:30 horas, el personal policial tras ser alertado acude a calle Bozzano y Las Provincias, donde procede a la aprehensi\u00f3n de un masculino de 42 a\u00f1os de edad, quien instantes previo agrede con ladrillo a una femenina de 51 a\u00f1os de edad en una reyerta que protagonizaron el aprehendido con el hijo de la v\u00edctima, cuando esta sali\u00f3 en defensa.&nbsp;<\/p>\n\n\n\n<p>Car\u00e1cter lesiones leves, primeros testimonios indicaron que la pelea inicial se dio en el marco de un conflicto de vieja data.&nbsp;<\/p>\n\n\n\n<p>Interviene la fiscal\u00eda Nro. 5 San Pedro.-<\/p>\n","protected":false},"excerpt":{"rendered":"<p>Este domingo siendo las 15:30 horas, el personal policial tras ser alertado acude a calle Bozzano y Las Provincias, donde procede a la aprehensi\u00f3n de un masculino de 42 a\u00f1os de edad, quien instantes previo agrede con ladrillo a una femenina de 51 a\u00f1os de edad en una reyerta que protagonizaron el aprehendido con el [&hellip;]<\/p>\n","protected":false},"author":4,"featured_media":103086,"comment_status":"closed","ping_status":"closed","sticky":false,"template":"","format":"standard","meta":{"om_disable_all_campaigns":false,"_jetpack_memberships_contains_paid_content":false,"footnotes":""},"categories":[50,2,103],"tags":[197,696,33,19],"class_list":["post-103085","post","type-post","status-publish","format-standard","has-post-thumbnail","hentry","category-destacadas","category-locales","category-policiales-locales","tag-buenos-aires","tag-interes-general","tag-locales","tag-san-pedro"],"aioseo_notices":[],"gutentor_comment":0,"jetpack_featured_media_url":"https:\/\/eldiariodesanpedro.com.ar\/sitio\/wp-content\/uploads\/2022\/01\/WhatsApp-Image-2022-01-17-at-10.24.35-1.jpeg","jetpack_shortlink":"https:\/\/wp.me\/p6RhLt-qOF","jetpack_sharing_enabled":true,"_links":{"self":[{"href":"https:\/\/eldiariodesanpedro.com.ar\/sitio\/wp-json\/wp\/v2\/posts\/103085","targetHints":{"allow":["GET"]}}],"collection":[{"href":"https:\/\/eldiariodesanpedro.com.ar\/sitio\/wp-json\/wp\/v2\/posts"}],"about":[{"href":"https:\/\/eldiariodesanpedro.com.ar\/sitio\/wp-json\/wp\/v2\/types\/post"}],"author":[{"embeddable":true,"href":"https:\/\/eldiariodesanpedro.com.ar\/sitio\/wp-json\/wp\/v2\/users\/4"}],"replies":[{"embeddable":true,"href":"https:\/\/eldiariodesanpedro.com.ar\/sitio\/wp-json\/wp\/v2\/comments?post=103085"}],"version-history":[{"count":1,"href":"https:\/\/eldiariodesanpedro.com.ar\/sitio\/wp-json\/wp\/v2\/posts\/103085\/revisions"}],"predecessor-version":[{"id":103087,"href":"https:\/\/eldiariodesanpedro.com.ar\/sitio\/wp-json\/wp\/v2\/posts\/103085\/revisions\/103087"}],"wp:featuredmedia":[{"embeddable":true,"href":"https:\/\/eldiariodesanpedro.com.ar\/sitio\/wp-json\/wp\/v2\/media\/103086"}],"wp:attachment":[{"href":"https:\/\/eldiariodesanpedro.com.ar\/sitio\/wp-json\/wp\/v2\/media?parent=103085"}],"wp:term":[{"taxonomy":"category","embeddable":true,"href":"https:\/\/eldiariodesanpedro.com.ar\/sitio\/wp-json\/wp\/v2\/categories?post=103085"},{"taxonomy":"post_tag","embeddable":true,"href":"https:\/\/eldiariodesanpedro.com.ar\/sitio\/wp-json\/wp\/v2\/tags?post=103085"}],"curies":[{"name":"wp","href":"https:\/\/api.w.org\/{rel}","templated":true}]}}