{"id":103080,"date":"2022-01-17T12:39:12","date_gmt":"2022-01-17T15:39:12","guid":{"rendered":"https:\/\/eldiariodesanpedro.com.ar\/sitio\/?p=103080"},"modified":"2022-01-17T12:39:14","modified_gmt":"2022-01-17T15:39:14","slug":"una-sampedrina-fallecio-en-colon-tras-sufrir-un-accidente-de-transito","status":"publish","type":"post","link":"https:\/\/eldiariodesanpedro.com.ar\/sitio\/una-sampedrina-fallecio-en-colon-tras-sufrir-un-accidente-de-transito\/","title":{"rendered":"Una sampedrina falleci\u00f3 en Col\u00f3n tras sufrir un accidente de tr\u00e1nsito"},"content":{"rendered":"<!-- VideographyWP Plugin Message: Automatic video embedding prevented by plugin options. -->\n\n<p>Rosa Beatriz Silva, de 85 a\u00f1os, viajaba con su esposo cuando el auto en el que se movilizaban volc\u00f3. La mujer falleci\u00f3 cuando estaba siendo operada de una lesi\u00f3n sufrida en el tobillo.<\/p>\n\n\n\n<p>En un accidente de tr\u00e1nsito acontecido el domingo en la ciudad de Col\u00f3n, falleci\u00f3 Rosa Beatriz Silva, una mujer de 85 a\u00f1os que viajaba junto a su marido, el jefe de la polic\u00eda bonaerense Osvaldo Somohano, de 83 a\u00f1os.<\/p>\n\n\n\n<p>El incidente se produjo a la altura del kil\u00f3metro 274 de la Ruta 8 cuando el auto Mercedes Benz se despist\u00f3 sobre uno de los laterales.<\/p>\n\n\n\n<p>Ninguna de las dos personas hab\u00edan sufrido lesiones con riesgo de vida, solo la mujer present\u00f3 una fractura en su tobillo derecho que oblig\u00f3 a los m\u00e9dicos tener que intervenirla. Lamentablemente, mientras estaba siendo operada sufri\u00f3 una descompensaci\u00f3n y termin\u00f3 falleciendo.<\/p>\n","protected":false},"excerpt":{"rendered":"<p>Rosa Beatriz Silva, de 85 a\u00f1os, viajaba con su esposo cuando el auto en el que se movilizaban volc\u00f3. La mujer falleci\u00f3 cuando estaba siendo operada de una lesi\u00f3n sufrida en el tobillo. En un accidente de tr\u00e1nsito acontecido el domingo en la ciudad de Col\u00f3n, falleci\u00f3 Rosa Beatriz Silva, una mujer de 85 a\u00f1os [&hellip;]<\/p>\n","protected":false},"author":4,"featured_media":103081,"comment_status":"closed","ping_status":"closed","sticky":false,"template":"","format":"standard","meta":{"om_disable_all_campaigns":false,"_jetpack_memberships_contains_paid_content":false,"footnotes":""},"categories":[50,2,103],"tags":[197,696,33,19],"class_list":["post-103080","post","type-post","status-publish","format-standard","has-post-thumbnail","hentry","category-destacadas","category-locales","category-policiales-locales","tag-buenos-aires","tag-interes-general","tag-locales","tag-san-pedro"],"aioseo_notices":[],"gutentor_comment":0,"jetpack_featured_media_url":"https:\/\/eldiariodesanpedro.com.ar\/sitio\/wp-content\/uploads\/2022\/01\/0000020623-resized-1920x1080-1.jpg","jetpack_shortlink":"https:\/\/wp.me\/p6RhLt-qOA","jetpack_sharing_enabled":true,"_links":{"self":[{"href":"https:\/\/eldiariodesanpedro.com.ar\/sitio\/wp-json\/wp\/v2\/posts\/103080","targetHints":{"allow":["GET"]}}],"collection":[{"href":"https:\/\/eldiariodesanpedro.com.ar\/sitio\/wp-json\/wp\/v2\/posts"}],"about":[{"href":"https:\/\/eldiariodesanpedro.com.ar\/sitio\/wp-json\/wp\/v2\/types\/post"}],"author":[{"embeddable":true,"href":"https:\/\/eldiariodesanpedro.com.ar\/sitio\/wp-json\/wp\/v2\/users\/4"}],"replies":[{"embeddable":true,"href":"https:\/\/eldiariodesanpedro.com.ar\/sitio\/wp-json\/wp\/v2\/comments?post=103080"}],"version-history":[{"count":1,"href":"https:\/\/eldiariodesanpedro.com.ar\/sitio\/wp-json\/wp\/v2\/posts\/103080\/revisions"}],"predecessor-version":[{"id":103082,"href":"https:\/\/eldiariodesanpedro.com.ar\/sitio\/wp-json\/wp\/v2\/posts\/103080\/revisions\/103082"}],"wp:featuredmedia":[{"embeddable":true,"href":"https:\/\/eldiariodesanpedro.com.ar\/sitio\/wp-json\/wp\/v2\/media\/103081"}],"wp:attachment":[{"href":"https:\/\/eldiariodesanpedro.com.ar\/sitio\/wp-json\/wp\/v2\/media?parent=103080"}],"wp:term":[{"taxonomy":"category","embeddable":true,"href":"https:\/\/eldiariodesanpedro.com.ar\/sitio\/wp-json\/wp\/v2\/categories?post=103080"},{"taxonomy":"post_tag","embeddable":true,"href":"https:\/\/eldiariodesanpedro.com.ar\/sitio\/wp-json\/wp\/v2\/tags?post=103080"}],"curies":[{"name":"wp","href":"https:\/\/api.w.org\/{rel}","templated":true}]}}