{"id":103075,"date":"2022-01-17T11:43:35","date_gmt":"2022-01-17T14:43:35","guid":{"rendered":"https:\/\/eldiariodesanpedro.com.ar\/sitio\/?p=103075"},"modified":"2022-01-17T11:43:38","modified_gmt":"2022-01-17T14:43:38","slug":"comenzo-la-peatonal-de-verano-en-el-centro-de-la-ciudad","status":"publish","type":"post","link":"https:\/\/eldiariodesanpedro.com.ar\/sitio\/comenzo-la-peatonal-de-verano-en-el-centro-de-la-ciudad\/","title":{"rendered":"Comenz\u00f3 la Peatonal de Verano en el centro de la ciudad"},"content":{"rendered":"<!-- VideographyWP Plugin Message: Automatic video embedding prevented by plugin options. -->\n\n<p>Este fin de semana comenzaron las actividades que marcaron el inicio de la peatonal del verano en el centro de la ciudad. El pr\u00f3ximo fin de semana la peatonal volver\u00e1 a la zona de la costanera, intercalando cada semana entre la costanera y el centro de la ciudad.<\/p>\n\n\n\n<p>Shows musicales, variadas ofertas gastron\u00f3micas, ferias de artesan\u00edas en plaza constituci\u00f3n, obras de teatro y actividades en varios puntos de la peatonal entre las opciones que se pudieron disfrutar a pesar de la incontinencias clim\u00e1ticas.<\/p>\n\n\n\n<p>El s\u00e1bado cont\u00f3 con un show de baile de salsa y las presentaciones de Lara Iglesias y Los Soplafortune, una banda de cumbia oriunda de R\u00edo Cuarto que le puso m\u00fasica y color a la noche de la peatonal. En el Centro Cultural Abelardo Castillo se realiz\u00f3 el estreno de \u201cTalentos en San Pedro\u201d. La obra conducida por Marcelo Polino que tiene como jurados a Marcela Tauro, Sol Altolaguirre y Pablo Ram\u00edrez ya tiene su primera finalista luego de que pasaran los primeros concursantes y el jurado elija a Candelaria Curiale para que contin\u00fae en carrera.<br>Recordamos que a partir del pr\u00f3ximo fin de semana tanto la obra \u201cHisopad\u00edsimos\u201d con Carmen Barbieri y Alejandro Cupit\u00f3, como \u201cTalentos en San Pedro\u201d con Marcelo Polino y Marcela Tauro se realizar\u00e1n al aire libre en el predio de Mansa Lyfe a las 22.00 y 23.30 hs respectivamente. En cuanto a la venta de entradas para ambas funciones se continuar\u00e1 realizando en el Centro Cultural de calle 25 de mayo 848.<\/p>\n\n\n\n<p>El domingo se realizaron las presentaciones de Nacho Garcia, Oscar D\u00edaz y Matias Marzico para culminar un fin de semana que cont\u00f3 con mucha actividad art\u00edstica y cultural propuestas y llevadas a cabo en conjunto entre la Secretar\u00eda de Turismo y Cultura, la Direcci\u00f3n de Tr\u00e1nsito de la Municipalidad de San Pedro y la C\u00e1mara de Turismo del Centro de Comercio.<\/p>\n\n\n\n<figure class=\"wp-block-image size-full\"><img decoding=\"async\" width=\"840\" height=\"630\" data-attachment-id=\"103078\" data-permalink=\"https:\/\/eldiariodesanpedro.com.ar\/sitio\/comenzo-la-peatonal-de-verano-en-el-centro-de-la-ciudad\/whatsapp-image-2022-01-17-at-10-53-59\/\" data-orig-file=\"https:\/\/eldiariodesanpedro.com.ar\/sitio\/wp-content\/uploads\/2022\/01\/WhatsApp-Image-2022-01-17-at-10.53.59.jpeg\" data-orig-size=\"840,630\" data-comments-opened=\"0\" data-image-meta=\"{&quot;aperture&quot;:&quot;0&quot;,&quot;credit&quot;:&quot;&quot;,&quot;camera&quot;:&quot;&quot;,&quot;caption&quot;:&quot;&quot;,&quot;created_timestamp&quot;:&quot;0&quot;,&quot;copyright&quot;:&quot;&quot;,&quot;focal_length&quot;:&quot;0&quot;,&quot;iso&quot;:&quot;0&quot;,&quot;shutter_speed&quot;:&quot;0&quot;,&quot;title&quot;:&quot;&quot;,&quot;orientation&quot;:&quot;0&quot;}\" data-image-title=\"WhatsApp Image 2022-01-17 at 10.53.59\" data-image-description=\"\" data-image-caption=\"\" data-large-file=\"https:\/\/eldiariodesanpedro.com.ar\/sitio\/wp-content\/uploads\/2022\/01\/WhatsApp-Image-2022-01-17-at-10.53.59.jpeg\" data-src=\"https:\/\/eldiariodesanpedro.com.ar\/sitio\/wp-content\/uploads\/2022\/01\/WhatsApp-Image-2022-01-17-at-10.53.59.jpeg\" alt=\"\" class=\"wp-image-103078 lazyload\" data-srcset=\"https:\/\/eldiariodesanpedro.com.ar\/sitio\/wp-content\/uploads\/2022\/01\/WhatsApp-Image-2022-01-17-at-10.53.59.jpeg 840w, https:\/\/eldiariodesanpedro.com.ar\/sitio\/wp-content\/uploads\/2022\/01\/WhatsApp-Image-2022-01-17-at-10.53.59-300x225.jpeg 300w, https:\/\/eldiariodesanpedro.com.ar\/sitio\/wp-content\/uploads\/2022\/01\/WhatsApp-Image-2022-01-17-at-10.53.59-768x576.jpeg 768w, https:\/\/eldiariodesanpedro.com.ar\/sitio\/wp-content\/uploads\/2022\/01\/WhatsApp-Image-2022-01-17-at-10.53.59-500x375.jpeg 500w\" data-sizes=\"(max-width: 840px) 100vw, 840px\" src=\"data:image\/svg+xml;base64,PHN2ZyB3aWR0aD0iMSIgaGVpZ2h0PSIxIiB4bWxucz0iaHR0cDovL3d3dy53My5vcmcvMjAwMC9zdmciPjwvc3ZnPg==\" style=\"--smush-placeholder-width: 840px; --smush-placeholder-aspect-ratio: 840\/630;\" \/><\/figure>\n\n\n\n<figure class=\"wp-block-image size-full\"><img decoding=\"async\" width=\"840\" height=\"630\" data-attachment-id=\"103077\" data-permalink=\"https:\/\/eldiariodesanpedro.com.ar\/sitio\/comenzo-la-peatonal-de-verano-en-el-centro-de-la-ciudad\/whatsapp-image-2022-01-17-at-10-53-59-1\/\" data-orig-file=\"https:\/\/eldiariodesanpedro.com.ar\/sitio\/wp-content\/uploads\/2022\/01\/WhatsApp-Image-2022-01-17-at-10.53.59-1.jpeg\" data-orig-size=\"840,630\" data-comments-opened=\"0\" data-image-meta=\"{&quot;aperture&quot;:&quot;0&quot;,&quot;credit&quot;:&quot;&quot;,&quot;camera&quot;:&quot;&quot;,&quot;caption&quot;:&quot;&quot;,&quot;created_timestamp&quot;:&quot;0&quot;,&quot;copyright&quot;:&quot;&quot;,&quot;focal_length&quot;:&quot;0&quot;,&quot;iso&quot;:&quot;0&quot;,&quot;shutter_speed&quot;:&quot;0&quot;,&quot;title&quot;:&quot;&quot;,&quot;orientation&quot;:&quot;0&quot;}\" data-image-title=\"WhatsApp Image 2022-01-17 at 10.53.59 (1)\" data-image-description=\"\" data-image-caption=\"\" data-large-file=\"https:\/\/eldiariodesanpedro.com.ar\/sitio\/wp-content\/uploads\/2022\/01\/WhatsApp-Image-2022-01-17-at-10.53.59-1.jpeg\" data-src=\"https:\/\/eldiariodesanpedro.com.ar\/sitio\/wp-content\/uploads\/2022\/01\/WhatsApp-Image-2022-01-17-at-10.53.59-1.jpeg\" alt=\"\" class=\"wp-image-103077 lazyload\" data-srcset=\"https:\/\/eldiariodesanpedro.com.ar\/sitio\/wp-content\/uploads\/2022\/01\/WhatsApp-Image-2022-01-17-at-10.53.59-1.jpeg 840w, https:\/\/eldiariodesanpedro.com.ar\/sitio\/wp-content\/uploads\/2022\/01\/WhatsApp-Image-2022-01-17-at-10.53.59-1-300x225.jpeg 300w, https:\/\/eldiariodesanpedro.com.ar\/sitio\/wp-content\/uploads\/2022\/01\/WhatsApp-Image-2022-01-17-at-10.53.59-1-768x576.jpeg 768w, https:\/\/eldiariodesanpedro.com.ar\/sitio\/wp-content\/uploads\/2022\/01\/WhatsApp-Image-2022-01-17-at-10.53.59-1-500x375.jpeg 500w\" data-sizes=\"(max-width: 840px) 100vw, 840px\" src=\"data:image\/svg+xml;base64,PHN2ZyB3aWR0aD0iMSIgaGVpZ2h0PSIxIiB4bWxucz0iaHR0cDovL3d3dy53My5vcmcvMjAwMC9zdmciPjwvc3ZnPg==\" style=\"--smush-placeholder-width: 840px; --smush-placeholder-aspect-ratio: 840\/630;\" \/><\/figure>\n","protected":false},"excerpt":{"rendered":"<p>Este fin de semana comenzaron las actividades que marcaron el inicio de la peatonal del verano en el centro de la ciudad. El pr\u00f3ximo fin de semana la peatonal volver\u00e1 a la zona de la costanera, intercalando cada semana entre la costanera y el centro de la ciudad. Shows musicales, variadas ofertas gastron\u00f3micas, ferias de [&hellip;]<\/p>\n","protected":false},"author":4,"featured_media":103076,"comment_status":"closed","ping_status":"closed","sticky":false,"template":"","format":"standard","meta":{"om_disable_all_campaigns":false,"_jetpack_memberships_contains_paid_content":false,"footnotes":""},"categories":[50,101,2],"tags":[197,696,33,19],"class_list":["post-103075","post","type-post","status-publish","format-standard","has-post-thumbnail","hentry","category-destacadas","category-interes-general-locales","category-locales","tag-buenos-aires","tag-interes-general","tag-locales","tag-san-pedro"],"aioseo_notices":[],"gutentor_comment":0,"jetpack_featured_media_url":"https:\/\/eldiariodesanpedro.com.ar\/sitio\/wp-content\/uploads\/2022\/01\/WhatsApp-Image-2022-01-17-at-10.53.58.jpeg","jetpack_shortlink":"https:\/\/wp.me\/p6RhLt-qOv","jetpack_sharing_enabled":true,"_links":{"self":[{"href":"https:\/\/eldiariodesanpedro.com.ar\/sitio\/wp-json\/wp\/v2\/posts\/103075","targetHints":{"allow":["GET"]}}],"collection":[{"href":"https:\/\/eldiariodesanpedro.com.ar\/sitio\/wp-json\/wp\/v2\/posts"}],"about":[{"href":"https:\/\/eldiariodesanpedro.com.ar\/sitio\/wp-json\/wp\/v2\/types\/post"}],"author":[{"embeddable":true,"href":"https:\/\/eldiariodesanpedro.com.ar\/sitio\/wp-json\/wp\/v2\/users\/4"}],"replies":[{"embeddable":true,"href":"https:\/\/eldiariodesanpedro.com.ar\/sitio\/wp-json\/wp\/v2\/comments?post=103075"}],"version-history":[{"count":1,"href":"https:\/\/eldiariodesanpedro.com.ar\/sitio\/wp-json\/wp\/v2\/posts\/103075\/revisions"}],"predecessor-version":[{"id":103079,"href":"https:\/\/eldiariodesanpedro.com.ar\/sitio\/wp-json\/wp\/v2\/posts\/103075\/revisions\/103079"}],"wp:featuredmedia":[{"embeddable":true,"href":"https:\/\/eldiariodesanpedro.com.ar\/sitio\/wp-json\/wp\/v2\/media\/103076"}],"wp:attachment":[{"href":"https:\/\/eldiariodesanpedro.com.ar\/sitio\/wp-json\/wp\/v2\/media?parent=103075"}],"wp:term":[{"taxonomy":"category","embeddable":true,"href":"https:\/\/eldiariodesanpedro.com.ar\/sitio\/wp-json\/wp\/v2\/categories?post=103075"},{"taxonomy":"post_tag","embeddable":true,"href":"https:\/\/eldiariodesanpedro.com.ar\/sitio\/wp-json\/wp\/v2\/tags?post=103075"}],"curies":[{"name":"wp","href":"https:\/\/api.w.org\/{rel}","templated":true}]}}