{"id":10307,"date":"2016-11-16T18:41:14","date_gmt":"2016-11-16T21:41:14","guid":{"rendered":"https:\/\/eldiariodesanpedro.com.ar\/sitio\/?p=10307"},"modified":"2016-11-16T18:41:14","modified_gmt":"2016-11-16T21:41:14","slug":"zarate-productores-la-feria-gastronomica-del-mercado-con-nueva-fecha-por-la-lluvia","status":"publish","type":"post","link":"https:\/\/eldiariodesanpedro.com.ar\/sitio\/zarate-productores-la-feria-gastronomica-del-mercado-con-nueva-fecha-por-la-lluvia\/","title":{"rendered":"Z\u00c1RATE: Productores, la feria gastron\u00f3mica del Mercado con nueva fecha por la lluvia"},"content":{"rendered":"<p><!-- VideographyWP Plugin Message: Automatic video embedding prevented by plugin options. --><br \/>\nLa feria gastron\u00f3mica anuncia que por cuestiones clim\u00e1ticas no pudo llevarse a cabo el domingo 13 de noviembre, motivo por el cual fue reagendada para el pr\u00f3ximo s\u00e1bado 20 y domingo 21 de noviembre.<\/p>\n<p>El Mercado de Z\u00e1rate invita a participar de la nueva feria gastron\u00f3mica Productores que se llevar\u00e1 a cabo s\u00e1bado 20 y el domingo 21 de noviembre, entre las 12 y la 24, en Hip\u00f3lito Yrigoyen y Costanera Buscaglia.<\/p>\n<p>Con entrada libre y gratuita, los visitantes podr\u00e1n disfrutar de un circuito gastron\u00f3mico que incluye puestos de productores de alimentos gourmet y actividades para toda la familia.<\/p>\n<p>Habr\u00e1 puestos de productos artesanales gourmet de Finca Cave Canem, mieles de la Estancia Las Quinas, chacinados de Caba\u00f1as Las Dinas, las conservas de Mamma Rosa, y el mejor dulce de leche de la mano de Cauca, creadores de Vauquita, entre otros.<\/p>\n<p>Adem\u00e1s del circuito de puestos, el domingo 21 las 18 habr\u00e1 una Master Class de Gin &#038; Licores a cargo de Simon Vengui Deakin, Master Destiller de Bomsembiante licores y James Deakin gin con m\u00e1s de 15 a\u00f1os de experiencia en el rubro, quien contar\u00e1 c\u00f3mo destilar y macerar los licores y el gin.<\/p>\n<p>Esta feria busca promover el consumo de productos locales presentando una variada oferta de alimentos y materias primas de productores de la zona. Muchos de ellos responden a la tradici\u00f3n familiar ofreciendo productos cuya elaboraci\u00f3n contiene una receta \u00fanica que ha pasado de generaci\u00f3n en generaci\u00f3n, y podr\u00e1n ser degustados sin cargo y a precios promocionales.<\/p>\n","protected":false},"excerpt":{"rendered":"<p>La feria gastron\u00f3mica anuncia que por cuestiones clim\u00e1ticas no pudo llevarse a cabo el domingo 13 de noviembre, motivo por el cual fue reagendada para el pr\u00f3ximo s\u00e1bado 20 y domingo 21 de noviembre. El Mercado de Z\u00e1rate invita a participar de la nueva feria gastron\u00f3mica Productores que se llevar\u00e1 a cabo s\u00e1bado 20 y [&hellip;]<\/p>\n","protected":false},"author":4,"featured_media":10308,"comment_status":"open","ping_status":"closed","sticky":false,"template":"","format":"standard","meta":{"om_disable_all_campaigns":false,"_jetpack_memberships_contains_paid_content":false,"footnotes":""},"categories":[621],"tags":[],"class_list":["post-10307","post","type-post","status-publish","format-standard","has-post-thumbnail","hentry","category-regionales"],"aioseo_notices":[],"gutentor_comment":0,"jetpack_featured_media_url":"https:\/\/eldiariodesanpedro.com.ar\/sitio\/wp-content\/uploads\/2016\/11\/feria-gastronomica-zarate.jpg","jetpack_shortlink":"https:\/\/wp.me\/p6RhLt-2Gf","jetpack_sharing_enabled":true,"_links":{"self":[{"href":"https:\/\/eldiariodesanpedro.com.ar\/sitio\/wp-json\/wp\/v2\/posts\/10307","targetHints":{"allow":["GET"]}}],"collection":[{"href":"https:\/\/eldiariodesanpedro.com.ar\/sitio\/wp-json\/wp\/v2\/posts"}],"about":[{"href":"https:\/\/eldiariodesanpedro.com.ar\/sitio\/wp-json\/wp\/v2\/types\/post"}],"author":[{"embeddable":true,"href":"https:\/\/eldiariodesanpedro.com.ar\/sitio\/wp-json\/wp\/v2\/users\/4"}],"replies":[{"embeddable":true,"href":"https:\/\/eldiariodesanpedro.com.ar\/sitio\/wp-json\/wp\/v2\/comments?post=10307"}],"version-history":[{"count":2,"href":"https:\/\/eldiariodesanpedro.com.ar\/sitio\/wp-json\/wp\/v2\/posts\/10307\/revisions"}],"predecessor-version":[{"id":10310,"href":"https:\/\/eldiariodesanpedro.com.ar\/sitio\/wp-json\/wp\/v2\/posts\/10307\/revisions\/10310"}],"wp:featuredmedia":[{"embeddable":true,"href":"https:\/\/eldiariodesanpedro.com.ar\/sitio\/wp-json\/wp\/v2\/media\/10308"}],"wp:attachment":[{"href":"https:\/\/eldiariodesanpedro.com.ar\/sitio\/wp-json\/wp\/v2\/media?parent=10307"}],"wp:term":[{"taxonomy":"category","embeddable":true,"href":"https:\/\/eldiariodesanpedro.com.ar\/sitio\/wp-json\/wp\/v2\/categories?post=10307"},{"taxonomy":"post_tag","embeddable":true,"href":"https:\/\/eldiariodesanpedro.com.ar\/sitio\/wp-json\/wp\/v2\/tags?post=10307"}],"curies":[{"name":"wp","href":"https:\/\/api.w.org\/{rel}","templated":true}]}}