{"id":103069,"date":"2022-01-17T11:41:04","date_gmt":"2022-01-17T14:41:04","guid":{"rendered":"https:\/\/eldiariodesanpedro.com.ar\/sitio\/?p=103069"},"modified":"2022-01-17T11:41:06","modified_gmt":"2022-01-17T14:41:06","slug":"el-secretario-de-agricultura-ganaderia-y-pesca-de-la-nacion-jorge-solmi-participo-de-la-22o-fiesta-provincial-del-durazno-y-la-produccion","status":"publish","type":"post","link":"https:\/\/eldiariodesanpedro.com.ar\/sitio\/el-secretario-de-agricultura-ganaderia-y-pesca-de-la-nacion-jorge-solmi-participo-de-la-22o-fiesta-provincial-del-durazno-y-la-produccion\/","title":{"rendered":"El Secretario de Agricultura, Ganader\u00eda y Pesca de la Naci\u00f3n Jorge Solmi, particip\u00f3 de la 22\u00ba Fiesta Provincial del Durazno y la Producci\u00f3n"},"content":{"rendered":"<!-- VideographyWP Plugin Message: Automatic video embedding prevented by plugin options. -->\n\n<p>Jorge Solmi particip\u00f3 junto al Intendente Ram\u00f3n Salazar, al ex Intendente Cecilio Salazar, el secretario de Producci\u00f3n, Industrias, Pymes, Comercios y Emprendedores Mart\u00edn Baraybar y autoridades locales de una conferencia de prensa en la apertura de la 22\u00ba Fiesta Provincial del Durazno.<\/p>\n\n\n\n<p>El integrante del Directorio del Belgrano Cargas Cecilio Salazar agradeci\u00f3 la visita del secretario de Agricultura, Ganader\u00eda y Pesca Jorge Solmi, quien ser\u00e1 nombrado secretario de Relaciones Institucionales y le agradeci\u00f3 el subsidio recibido por 25 millones de pesos que ser\u00e1 destinado en la compra de una retroexcavadora y un cami\u00f3n volcador.<\/p>\n\n\n\n<p>Adem\u00e1s, se refiri\u00f3 a la buena cosecha este a\u00f1o de duraznos que representan muchos jornales que ingresan a San Pedro, al buen funcionamiento que est\u00e1 teniendo el Puerto local y al proyecto agroindustrial.<\/p>\n\n\n\n<p>\u201cMucha expectativa, m\u00e1s all\u00e1 de las dificultades de este momento tenemos un futuro importante por delante y ac\u00e1 estamos para que se concrete\u201d.<\/p>\n\n\n\n<p>Por su parte, el secretario de Producci\u00f3n, Industrias, Pymes, Comercios y Emprendedores Mart\u00edn Baraybar se refiri\u00f3 a la importancia de la Fiesta del Durazno y la Producci\u00f3n \u201cdesde lo cultural, desde lo simb\u00f3lico y desde lo econ\u00f3mico\u201d. Resalt\u00f3 la importancia de la visita de Solmi, ya que \u201c permite afianzar v\u00ednculos y poder trabajar cuestiones vinculadas al sector\u201d.<\/p>\n\n\n\n<p>El Intendente Municipal Ram\u00f3n Salazar continu\u00f3 con las declaraciones y afirm\u00f3 que \u201cSan Pedro viene levantando much\u00edsimo su producci\u00f3n\u201d y que \u201cest\u00e1 muy bien posicionado a nivel pa\u00eds\u201d. Agradeci\u00f3 la presencia de Solmi en la fiesta y destac\u00f3 el apoyo que la ciudad viene recibiendo por parte del Gobierno Provincial y Nacional.<\/p>\n\n\n\n<p>Solmi felicit\u00f3 tanto al Intendente y su equipo de Gobierno como a Gobernador Castro y su gente por el trabajo que se viene realizando.<\/p>\n\n\n\n<p>Destacando que \u201cel Gobierno Municipal est\u00e1 persiguiendo una diversidad muy importante productiva para San Pedro, ya no solamente la agricultura tradicional, sino tambi\u00e9n la horticultura, fruticultura, el Puerto y el \u00e1rea industrial que est\u00e1n desarrollando\u201d.<\/p>\n\n\n\n<p>Adem\u00e1s, se refiri\u00f3 a la preocupante sequ\u00eda que \u201cest\u00e1 extendida y generalizada en todo el pa\u00eds\u201d por lo que podr\u00eda resentir la producci\u00f3n. \u201cEs una preocupaci\u00f3n que tenemos, pero el productor siempre apuesta a m\u00e1s, apuesta a seguir trabajando\u201d.<\/p>\n\n\n\n<figure class=\"wp-block-image size-full\"><img decoding=\"async\" width=\"945\" height=\"630\" data-attachment-id=\"103073\" data-permalink=\"https:\/\/eldiariodesanpedro.com.ar\/sitio\/el-secretario-de-agricultura-ganaderia-y-pesca-de-la-nacion-jorge-solmi-participo-de-la-22o-fiesta-provincial-del-durazno-y-la-produccion\/whatsapp-image-2022-01-16-at-14-44-45\/\" data-orig-file=\"https:\/\/eldiariodesanpedro.com.ar\/sitio\/wp-content\/uploads\/2022\/01\/WhatsApp-Image-2022-01-16-at-14.44.45.jpeg\" data-orig-size=\"945,630\" data-comments-opened=\"0\" data-image-meta=\"{&quot;aperture&quot;:&quot;0&quot;,&quot;credit&quot;:&quot;&quot;,&quot;camera&quot;:&quot;&quot;,&quot;caption&quot;:&quot;&quot;,&quot;created_timestamp&quot;:&quot;0&quot;,&quot;copyright&quot;:&quot;&quot;,&quot;focal_length&quot;:&quot;0&quot;,&quot;iso&quot;:&quot;0&quot;,&quot;shutter_speed&quot;:&quot;0&quot;,&quot;title&quot;:&quot;&quot;,&quot;orientation&quot;:&quot;0&quot;}\" data-image-title=\"WhatsApp Image 2022-01-16 at 14.44.45\" data-image-description=\"\" data-image-caption=\"\" data-large-file=\"https:\/\/eldiariodesanpedro.com.ar\/sitio\/wp-content\/uploads\/2022\/01\/WhatsApp-Image-2022-01-16-at-14.44.45.jpeg\" data-src=\"https:\/\/eldiariodesanpedro.com.ar\/sitio\/wp-content\/uploads\/2022\/01\/WhatsApp-Image-2022-01-16-at-14.44.45.jpeg\" alt=\"\" class=\"wp-image-103073 lazyload\" data-srcset=\"https:\/\/eldiariodesanpedro.com.ar\/sitio\/wp-content\/uploads\/2022\/01\/WhatsApp-Image-2022-01-16-at-14.44.45.jpeg 945w, https:\/\/eldiariodesanpedro.com.ar\/sitio\/wp-content\/uploads\/2022\/01\/WhatsApp-Image-2022-01-16-at-14.44.45-300x200.jpeg 300w, https:\/\/eldiariodesanpedro.com.ar\/sitio\/wp-content\/uploads\/2022\/01\/WhatsApp-Image-2022-01-16-at-14.44.45-768x512.jpeg 768w\" data-sizes=\"(max-width: 945px) 100vw, 945px\" src=\"data:image\/svg+xml;base64,PHN2ZyB3aWR0aD0iMSIgaGVpZ2h0PSIxIiB4bWxucz0iaHR0cDovL3d3dy53My5vcmcvMjAwMC9zdmciPjwvc3ZnPg==\" style=\"--smush-placeholder-width: 945px; --smush-placeholder-aspect-ratio: 945\/630;\" \/><\/figure>\n\n\n\n<figure class=\"wp-block-image size-full\"><img decoding=\"async\" width=\"945\" height=\"630\" data-attachment-id=\"103072\" data-permalink=\"https:\/\/eldiariodesanpedro.com.ar\/sitio\/el-secretario-de-agricultura-ganaderia-y-pesca-de-la-nacion-jorge-solmi-participo-de-la-22o-fiesta-provincial-del-durazno-y-la-produccion\/whatsapp-image-2022-01-16-at-14-44-40\/\" data-orig-file=\"https:\/\/eldiariodesanpedro.com.ar\/sitio\/wp-content\/uploads\/2022\/01\/WhatsApp-Image-2022-01-16-at-14.44.40.jpeg\" data-orig-size=\"945,630\" data-comments-opened=\"0\" data-image-meta=\"{&quot;aperture&quot;:&quot;0&quot;,&quot;credit&quot;:&quot;&quot;,&quot;camera&quot;:&quot;&quot;,&quot;caption&quot;:&quot;&quot;,&quot;created_timestamp&quot;:&quot;0&quot;,&quot;copyright&quot;:&quot;&quot;,&quot;focal_length&quot;:&quot;0&quot;,&quot;iso&quot;:&quot;0&quot;,&quot;shutter_speed&quot;:&quot;0&quot;,&quot;title&quot;:&quot;&quot;,&quot;orientation&quot;:&quot;0&quot;}\" data-image-title=\"WhatsApp Image 2022-01-16 at 14.44.40\" data-image-description=\"\" data-image-caption=\"\" data-large-file=\"https:\/\/eldiariodesanpedro.com.ar\/sitio\/wp-content\/uploads\/2022\/01\/WhatsApp-Image-2022-01-16-at-14.44.40.jpeg\" data-src=\"https:\/\/eldiariodesanpedro.com.ar\/sitio\/wp-content\/uploads\/2022\/01\/WhatsApp-Image-2022-01-16-at-14.44.40.jpeg\" alt=\"\" class=\"wp-image-103072 lazyload\" data-srcset=\"https:\/\/eldiariodesanpedro.com.ar\/sitio\/wp-content\/uploads\/2022\/01\/WhatsApp-Image-2022-01-16-at-14.44.40.jpeg 945w, https:\/\/eldiariodesanpedro.com.ar\/sitio\/wp-content\/uploads\/2022\/01\/WhatsApp-Image-2022-01-16-at-14.44.40-300x200.jpeg 300w, https:\/\/eldiariodesanpedro.com.ar\/sitio\/wp-content\/uploads\/2022\/01\/WhatsApp-Image-2022-01-16-at-14.44.40-768x512.jpeg 768w\" data-sizes=\"(max-width: 945px) 100vw, 945px\" src=\"data:image\/svg+xml;base64,PHN2ZyB3aWR0aD0iMSIgaGVpZ2h0PSIxIiB4bWxucz0iaHR0cDovL3d3dy53My5vcmcvMjAwMC9zdmciPjwvc3ZnPg==\" style=\"--smush-placeholder-width: 945px; --smush-placeholder-aspect-ratio: 945\/630;\" \/><\/figure>\n\n\n\n<figure class=\"wp-block-image size-full\"><img decoding=\"async\" width=\"840\" height=\"630\" data-attachment-id=\"103071\" data-permalink=\"https:\/\/eldiariodesanpedro.com.ar\/sitio\/el-secretario-de-agricultura-ganaderia-y-pesca-de-la-nacion-jorge-solmi-participo-de-la-22o-fiesta-provincial-del-durazno-y-la-produccion\/whatsapp-image-2022-01-16-at-14-44-39\/\" data-orig-file=\"https:\/\/eldiariodesanpedro.com.ar\/sitio\/wp-content\/uploads\/2022\/01\/WhatsApp-Image-2022-01-16-at-14.44.39.jpeg\" data-orig-size=\"840,630\" data-comments-opened=\"0\" data-image-meta=\"{&quot;aperture&quot;:&quot;0&quot;,&quot;credit&quot;:&quot;&quot;,&quot;camera&quot;:&quot;&quot;,&quot;caption&quot;:&quot;&quot;,&quot;created_timestamp&quot;:&quot;0&quot;,&quot;copyright&quot;:&quot;&quot;,&quot;focal_length&quot;:&quot;0&quot;,&quot;iso&quot;:&quot;0&quot;,&quot;shutter_speed&quot;:&quot;0&quot;,&quot;title&quot;:&quot;&quot;,&quot;orientation&quot;:&quot;0&quot;}\" data-image-title=\"WhatsApp Image 2022-01-16 at 14.44.39\" data-image-description=\"\" data-image-caption=\"\" data-large-file=\"https:\/\/eldiariodesanpedro.com.ar\/sitio\/wp-content\/uploads\/2022\/01\/WhatsApp-Image-2022-01-16-at-14.44.39.jpeg\" data-src=\"https:\/\/eldiariodesanpedro.com.ar\/sitio\/wp-content\/uploads\/2022\/01\/WhatsApp-Image-2022-01-16-at-14.44.39.jpeg\" alt=\"\" class=\"wp-image-103071 lazyload\" data-srcset=\"https:\/\/eldiariodesanpedro.com.ar\/sitio\/wp-content\/uploads\/2022\/01\/WhatsApp-Image-2022-01-16-at-14.44.39.jpeg 840w, https:\/\/eldiariodesanpedro.com.ar\/sitio\/wp-content\/uploads\/2022\/01\/WhatsApp-Image-2022-01-16-at-14.44.39-300x225.jpeg 300w, https:\/\/eldiariodesanpedro.com.ar\/sitio\/wp-content\/uploads\/2022\/01\/WhatsApp-Image-2022-01-16-at-14.44.39-768x576.jpeg 768w, https:\/\/eldiariodesanpedro.com.ar\/sitio\/wp-content\/uploads\/2022\/01\/WhatsApp-Image-2022-01-16-at-14.44.39-500x375.jpeg 500w\" data-sizes=\"(max-width: 840px) 100vw, 840px\" src=\"data:image\/svg+xml;base64,PHN2ZyB3aWR0aD0iMSIgaGVpZ2h0PSIxIiB4bWxucz0iaHR0cDovL3d3dy53My5vcmcvMjAwMC9zdmciPjwvc3ZnPg==\" style=\"--smush-placeholder-width: 840px; --smush-placeholder-aspect-ratio: 840\/630;\" \/><\/figure>\n","protected":false},"excerpt":{"rendered":"<p>Jorge Solmi particip\u00f3 junto al Intendente Ram\u00f3n Salazar, al ex Intendente Cecilio Salazar, el secretario de Producci\u00f3n, Industrias, Pymes, Comercios y Emprendedores Mart\u00edn Baraybar y autoridades locales de una conferencia de prensa en la apertura de la 22\u00ba Fiesta Provincial del Durazno. El integrante del Directorio del Belgrano Cargas Cecilio Salazar agradeci\u00f3 la visita del [&hellip;]<\/p>\n","protected":false},"author":4,"featured_media":103070,"comment_status":"closed","ping_status":"closed","sticky":false,"template":"","format":"standard","meta":{"om_disable_all_campaigns":false,"_jetpack_memberships_contains_paid_content":false,"footnotes":""},"categories":[50,101,2],"tags":[197,696,33,19],"class_list":["post-103069","post","type-post","status-publish","format-standard","has-post-thumbnail","hentry","category-destacadas","category-interes-general-locales","category-locales","tag-buenos-aires","tag-interes-general","tag-locales","tag-san-pedro"],"aioseo_notices":[],"gutentor_comment":0,"jetpack_featured_media_url":"https:\/\/eldiariodesanpedro.com.ar\/sitio\/wp-content\/uploads\/2022\/01\/WhatsApp-Image-2022-01-16-at-14.44.38.jpeg","jetpack_shortlink":"https:\/\/wp.me\/p6RhLt-qOp","jetpack_sharing_enabled":true,"_links":{"self":[{"href":"https:\/\/eldiariodesanpedro.com.ar\/sitio\/wp-json\/wp\/v2\/posts\/103069","targetHints":{"allow":["GET"]}}],"collection":[{"href":"https:\/\/eldiariodesanpedro.com.ar\/sitio\/wp-json\/wp\/v2\/posts"}],"about":[{"href":"https:\/\/eldiariodesanpedro.com.ar\/sitio\/wp-json\/wp\/v2\/types\/post"}],"author":[{"embeddable":true,"href":"https:\/\/eldiariodesanpedro.com.ar\/sitio\/wp-json\/wp\/v2\/users\/4"}],"replies":[{"embeddable":true,"href":"https:\/\/eldiariodesanpedro.com.ar\/sitio\/wp-json\/wp\/v2\/comments?post=103069"}],"version-history":[{"count":1,"href":"https:\/\/eldiariodesanpedro.com.ar\/sitio\/wp-json\/wp\/v2\/posts\/103069\/revisions"}],"predecessor-version":[{"id":103074,"href":"https:\/\/eldiariodesanpedro.com.ar\/sitio\/wp-json\/wp\/v2\/posts\/103069\/revisions\/103074"}],"wp:featuredmedia":[{"embeddable":true,"href":"https:\/\/eldiariodesanpedro.com.ar\/sitio\/wp-json\/wp\/v2\/media\/103070"}],"wp:attachment":[{"href":"https:\/\/eldiariodesanpedro.com.ar\/sitio\/wp-json\/wp\/v2\/media?parent=103069"}],"wp:term":[{"taxonomy":"category","embeddable":true,"href":"https:\/\/eldiariodesanpedro.com.ar\/sitio\/wp-json\/wp\/v2\/categories?post=103069"},{"taxonomy":"post_tag","embeddable":true,"href":"https:\/\/eldiariodesanpedro.com.ar\/sitio\/wp-json\/wp\/v2\/tags?post=103069"}],"curies":[{"name":"wp","href":"https:\/\/api.w.org\/{rel}","templated":true}]}}