{"id":103066,"date":"2022-01-17T11:37:45","date_gmt":"2022-01-17T14:37:45","guid":{"rendered":"https:\/\/eldiariodesanpedro.com.ar\/sitio\/?p=103066"},"modified":"2022-01-17T11:37:47","modified_gmt":"2022-01-17T14:37:47","slug":"marcela-tauro-y-marcelo-polino-lanzaron-la-temporada-en-san-pedro","status":"publish","type":"post","link":"https:\/\/eldiariodesanpedro.com.ar\/sitio\/marcela-tauro-y-marcelo-polino-lanzaron-la-temporada-en-san-pedro\/","title":{"rendered":"Marcela Tauro y Marcelo Polino lanzaron la temporada en San Pedro"},"content":{"rendered":"<!-- VideographyWP Plugin Message: Automatic video embedding prevented by plugin options. -->\n\n<p>Los periodistas y conductores estrenaron en nuestra ciudad el espect\u00e1culo \u201cTalentos en San Pedro\u201d, una propuesta que tuvo una importante respuesta de la gente.<\/p>\n\n\n\n<p>La temporada teatral en San Pedro est\u00e1 a pleno y tras el debut la semana pasada de Carmen Barbieri, este s\u00e1bado se produjo el lanzamiento de \u201cTalentos en San Pedro\u201d, la propuesta protagonizada por Marcelo Polino y Marcela Tauro.<\/p>\n\n\n\n<p>El Centro Cultural \u00abAbelardo Castillo\u00bb cont\u00f3 con un buen marco de p\u00fablico que acompa\u00f1\u00f3 la primera noche de la que participaron los artistas que superaron el casting original.<\/p>\n\n\n\n<p>Durante la jornada presentaci\u00f3n estuvieron presentes Mariano Lanfranconi, Amadeo Grioni, David Morales, Jos\u00e9 Egel, Candelaria Curiale, Ken Blainik y Trini Cortez.<\/p>\n\n\n\n<p>Candelaria Curiale fue la ganadora de la primera noche de talentos avanzando a la pr\u00f3xima etapa.<\/p>\n\n\n\n<p>Marcela Tauro, habl\u00f3 para San Pedro Informa y habl\u00f3 de la ciudad, sus amigos y de la propuesta teatral.<\/p>\n\n\n\n<p>\u201cYa me voy a dedicar a conocer San Pedro\u201d, comenz\u00f3 diciendo la conductora. \u201cPrincipalmente Brisas del Paran\u00e1, as\u00ed que espero poder ir, me hablaron muy bien de ese lugar\u201d, remarc\u00f3.<\/p>\n\n\n\n<p>\u201cNo conoc\u00eda San Pedro, mi novio s\u00ed conoce m\u00e1s porque ven\u00eda seguido, igual paramos siempre a comprar naranjas, pero quiero conocer el lugar de M\u00f3nica y Cesar\u201d.<\/p>\n\n\n\n<p>Tauro destac\u00f3 la ciudad y habl\u00f3 tambi\u00e9n de Estela Montes y Lalo Mir que tambi\u00e9n son sampedrinos y ella tiene una gran amistad.<\/p>\n\n\n\n<p>\u201cHacemos un show de talentos, soy la jurado y el conductor es Marcelo Polino\u201d.<\/p>\n\n\n\n<p>\u201cElegimos a los mejores talentos, con muchos e importantes premios, y despu\u00e9s uno nunca sabe que es lo que puede llegar a pasar\u201d.<\/p>\n","protected":false},"excerpt":{"rendered":"<p>Los periodistas y conductores estrenaron en nuestra ciudad el espect\u00e1culo \u201cTalentos en San Pedro\u201d, una propuesta que tuvo una importante respuesta de la gente. La temporada teatral en San Pedro est\u00e1 a pleno y tras el debut la semana pasada de Carmen Barbieri, este s\u00e1bado se produjo el lanzamiento de \u201cTalentos en San Pedro\u201d, la [&hellip;]<\/p>\n","protected":false},"author":4,"featured_media":103067,"comment_status":"closed","ping_status":"closed","sticky":false,"template":"","format":"standard","meta":{"om_disable_all_campaigns":false,"_jetpack_memberships_contains_paid_content":false,"footnotes":""},"categories":[50,101,2],"tags":[197,696,33,19],"class_list":["post-103066","post","type-post","status-publish","format-standard","has-post-thumbnail","hentry","category-destacadas","category-interes-general-locales","category-locales","tag-buenos-aires","tag-interes-general","tag-locales","tag-san-pedro"],"aioseo_notices":[],"gutentor_comment":0,"jetpack_featured_media_url":"https:\/\/eldiariodesanpedro.com.ar\/sitio\/wp-content\/uploads\/2022\/01\/DSC_0652.jpg","jetpack_shortlink":"https:\/\/wp.me\/p6RhLt-qOm","jetpack_sharing_enabled":true,"_links":{"self":[{"href":"https:\/\/eldiariodesanpedro.com.ar\/sitio\/wp-json\/wp\/v2\/posts\/103066","targetHints":{"allow":["GET"]}}],"collection":[{"href":"https:\/\/eldiariodesanpedro.com.ar\/sitio\/wp-json\/wp\/v2\/posts"}],"about":[{"href":"https:\/\/eldiariodesanpedro.com.ar\/sitio\/wp-json\/wp\/v2\/types\/post"}],"author":[{"embeddable":true,"href":"https:\/\/eldiariodesanpedro.com.ar\/sitio\/wp-json\/wp\/v2\/users\/4"}],"replies":[{"embeddable":true,"href":"https:\/\/eldiariodesanpedro.com.ar\/sitio\/wp-json\/wp\/v2\/comments?post=103066"}],"version-history":[{"count":1,"href":"https:\/\/eldiariodesanpedro.com.ar\/sitio\/wp-json\/wp\/v2\/posts\/103066\/revisions"}],"predecessor-version":[{"id":103068,"href":"https:\/\/eldiariodesanpedro.com.ar\/sitio\/wp-json\/wp\/v2\/posts\/103066\/revisions\/103068"}],"wp:featuredmedia":[{"embeddable":true,"href":"https:\/\/eldiariodesanpedro.com.ar\/sitio\/wp-json\/wp\/v2\/media\/103067"}],"wp:attachment":[{"href":"https:\/\/eldiariodesanpedro.com.ar\/sitio\/wp-json\/wp\/v2\/media?parent=103066"}],"wp:term":[{"taxonomy":"category","embeddable":true,"href":"https:\/\/eldiariodesanpedro.com.ar\/sitio\/wp-json\/wp\/v2\/categories?post=103066"},{"taxonomy":"post_tag","embeddable":true,"href":"https:\/\/eldiariodesanpedro.com.ar\/sitio\/wp-json\/wp\/v2\/tags?post=103066"}],"curies":[{"name":"wp","href":"https:\/\/api.w.org\/{rel}","templated":true}]}}