{"id":103058,"date":"2022-01-17T11:27:06","date_gmt":"2022-01-17T14:27:06","guid":{"rendered":"https:\/\/eldiariodesanpedro.com.ar\/sitio\/?p=103058"},"modified":"2022-01-17T11:27:08","modified_gmt":"2022-01-17T14:27:08","slug":"se-realizo-la-22o-fiesta-provincial-del-durazno-y-la-produccion-en-gobernador-castro","status":"publish","type":"post","link":"https:\/\/eldiariodesanpedro.com.ar\/sitio\/se-realizo-la-22o-fiesta-provincial-del-durazno-y-la-produccion-en-gobernador-castro\/","title":{"rendered":"Se realiz\u00f3 la 22\u00ba Fiesta Provincial del Durazno y la Producci\u00f3n en Gobernador Castro"},"content":{"rendered":"<!-- VideographyWP Plugin Message: Automatic video embedding prevented by plugin options. -->\n\n<p>Se realiz\u00f3 la 22\u00ba Fiesta Provincial del Durazno y la Producci\u00f3n en el campo de deportes de Agricultores de Gobernador Castro con una buena asistencia de p\u00fablico a pesar de las condiciones clim\u00e1ticas que obligaron a reprogramar algunos shows.<\/p>\n\n\n\n<p>En un trabajo en conjunto entre las diferentes \u00e1reas que componen la Comisi\u00f3n de Eventos, la Comisi\u00f3n del Club Agricultores y la Delegaci\u00f3n a cargo de \u00c1ngel \u00c1lvarez , este s\u00e1bado se realiz\u00f3 la 22\u00ba Fiesta Provincial del Durazno y la Producci\u00f3n en el campo de deportes de Agricultores de Gobernador Castro con una buena asistencia de p\u00fablico a pesar de las condiciones clim\u00e1ticas que obligaron a reprogramar algunos shows.<\/p>\n\n\n\n<p>La apertura estuvo a cargo del Ballet Municipal, quienes hicieron un repaso por todas las etapas de la cosecha del durazno y continu\u00f3 con la presentaci\u00f3n musical de Joaqu\u00edn P\u00e9rez y se realiz\u00f3 la primera pasada del desfile de las postulantes a Representante de la fiesta, que a causa de la lluvia debi\u00f3 ser reprogramada.<\/p>\n\n\n\n<p>Una primera pausa se realiz\u00f3 para reacondicionar el escenario por la lluvia cuando se desarrollaba el show de Claudio Mart\u00edn, para reorganizar la grilla y, ante el pedido del p\u00fablico que se acerc\u00f3 desde diferentes lugares para verlos, se resolvi\u00f3 adelantar el show de La Delio Valdez mientras el clima lo permitiese.<\/p>\n\n\n\n<p>La banda de cumbia colombiana sali\u00f3 al escenario con mucho color y alegr\u00eda, hicieron un repaso por gran cantidad de temas que hicieron bailar y cantar a todos los presentes.\u00a0<\/p>\n\n\n\n<p>La continuidad de la fiesta estaba programada con la definici\u00f3n del durazno de oro a cargo de los jurados Gabriel Valentini, Claudio Budde y Sof\u00eda Arri, quienes analizaron 13 muestras participantes en base a distintos criterios de calidad, pero el clima no permiti\u00f3 la continuidad del evento. Si bien, tras la evaluaci\u00f3n se definieron los resultados quedando con el primer premio la muestra N\u00b0 5, el segundo la muestra N\u00b0 3, el tercer puesto la muestra N\u00b0 8 y dos menciones especiales para las muestras N\u00b0 14 y 15. Tanto la entrega de premios del Durazno de oro, como la Representante de la fiesta y otras actuaciones art\u00edsticas ser\u00e1n reprogramados e informados oportunamente a trav\u00e9s de nuestras redes sociales.<\/p>\n\n\n\n<figure class=\"wp-block-image size-full\"><img decoding=\"async\" width=\"945\" height=\"630\" data-attachment-id=\"103059\" data-permalink=\"https:\/\/eldiariodesanpedro.com.ar\/sitio\/se-realizo-la-22o-fiesta-provincial-del-durazno-y-la-produccion-en-gobernador-castro\/whatsapp-image-2022-01-16-at-14-26-15-1\/\" data-orig-file=\"https:\/\/eldiariodesanpedro.com.ar\/sitio\/wp-content\/uploads\/2022\/01\/WhatsApp-Image-2022-01-16-at-14.26.15-1.jpeg\" data-orig-size=\"945,630\" data-comments-opened=\"0\" data-image-meta=\"{&quot;aperture&quot;:&quot;0&quot;,&quot;credit&quot;:&quot;&quot;,&quot;camera&quot;:&quot;&quot;,&quot;caption&quot;:&quot;&quot;,&quot;created_timestamp&quot;:&quot;0&quot;,&quot;copyright&quot;:&quot;&quot;,&quot;focal_length&quot;:&quot;0&quot;,&quot;iso&quot;:&quot;0&quot;,&quot;shutter_speed&quot;:&quot;0&quot;,&quot;title&quot;:&quot;&quot;,&quot;orientation&quot;:&quot;0&quot;}\" data-image-title=\"WhatsApp Image 2022-01-16 at 14.26.15 (1)\" data-image-description=\"\" data-image-caption=\"\" data-large-file=\"https:\/\/eldiariodesanpedro.com.ar\/sitio\/wp-content\/uploads\/2022\/01\/WhatsApp-Image-2022-01-16-at-14.26.15-1.jpeg\" data-src=\"https:\/\/eldiariodesanpedro.com.ar\/sitio\/wp-content\/uploads\/2022\/01\/WhatsApp-Image-2022-01-16-at-14.26.15-1.jpeg\" alt=\"\" class=\"wp-image-103059 lazyload\" data-srcset=\"https:\/\/eldiariodesanpedro.com.ar\/sitio\/wp-content\/uploads\/2022\/01\/WhatsApp-Image-2022-01-16-at-14.26.15-1.jpeg 945w, https:\/\/eldiariodesanpedro.com.ar\/sitio\/wp-content\/uploads\/2022\/01\/WhatsApp-Image-2022-01-16-at-14.26.15-1-300x200.jpeg 300w, https:\/\/eldiariodesanpedro.com.ar\/sitio\/wp-content\/uploads\/2022\/01\/WhatsApp-Image-2022-01-16-at-14.26.15-1-768x512.jpeg 768w\" data-sizes=\"(max-width: 945px) 100vw, 945px\" src=\"data:image\/svg+xml;base64,PHN2ZyB3aWR0aD0iMSIgaGVpZ2h0PSIxIiB4bWxucz0iaHR0cDovL3d3dy53My5vcmcvMjAwMC9zdmciPjwvc3ZnPg==\" style=\"--smush-placeholder-width: 945px; --smush-placeholder-aspect-ratio: 945\/630;\" \/><\/figure>\n\n\n\n<figure class=\"wp-block-image size-full\"><img decoding=\"async\" width=\"945\" height=\"630\" data-attachment-id=\"103061\" data-permalink=\"https:\/\/eldiariodesanpedro.com.ar\/sitio\/se-realizo-la-22o-fiesta-provincial-del-durazno-y-la-produccion-en-gobernador-castro\/whatsapp-image-2022-01-16-at-14-26-16\/\" data-orig-file=\"https:\/\/eldiariodesanpedro.com.ar\/sitio\/wp-content\/uploads\/2022\/01\/WhatsApp-Image-2022-01-16-at-14.26.16.jpeg\" data-orig-size=\"945,630\" data-comments-opened=\"0\" data-image-meta=\"{&quot;aperture&quot;:&quot;0&quot;,&quot;credit&quot;:&quot;&quot;,&quot;camera&quot;:&quot;&quot;,&quot;caption&quot;:&quot;&quot;,&quot;created_timestamp&quot;:&quot;0&quot;,&quot;copyright&quot;:&quot;&quot;,&quot;focal_length&quot;:&quot;0&quot;,&quot;iso&quot;:&quot;0&quot;,&quot;shutter_speed&quot;:&quot;0&quot;,&quot;title&quot;:&quot;&quot;,&quot;orientation&quot;:&quot;0&quot;}\" data-image-title=\"WhatsApp Image 2022-01-16 at 14.26.16\" data-image-description=\"\" data-image-caption=\"\" data-large-file=\"https:\/\/eldiariodesanpedro.com.ar\/sitio\/wp-content\/uploads\/2022\/01\/WhatsApp-Image-2022-01-16-at-14.26.16.jpeg\" data-src=\"https:\/\/eldiariodesanpedro.com.ar\/sitio\/wp-content\/uploads\/2022\/01\/WhatsApp-Image-2022-01-16-at-14.26.16.jpeg\" alt=\"\" class=\"wp-image-103061 lazyload\" data-srcset=\"https:\/\/eldiariodesanpedro.com.ar\/sitio\/wp-content\/uploads\/2022\/01\/WhatsApp-Image-2022-01-16-at-14.26.16.jpeg 945w, https:\/\/eldiariodesanpedro.com.ar\/sitio\/wp-content\/uploads\/2022\/01\/WhatsApp-Image-2022-01-16-at-14.26.16-300x200.jpeg 300w, https:\/\/eldiariodesanpedro.com.ar\/sitio\/wp-content\/uploads\/2022\/01\/WhatsApp-Image-2022-01-16-at-14.26.16-768x512.jpeg 768w\" data-sizes=\"(max-width: 945px) 100vw, 945px\" src=\"data:image\/svg+xml;base64,PHN2ZyB3aWR0aD0iMSIgaGVpZ2h0PSIxIiB4bWxucz0iaHR0cDovL3d3dy53My5vcmcvMjAwMC9zdmciPjwvc3ZnPg==\" style=\"--smush-placeholder-width: 945px; --smush-placeholder-aspect-ratio: 945\/630;\" \/><\/figure>\n\n\n\n<figure class=\"wp-block-image size-full\"><img decoding=\"async\" width=\"946\" height=\"630\" data-attachment-id=\"103062\" data-permalink=\"https:\/\/eldiariodesanpedro.com.ar\/sitio\/se-realizo-la-22o-fiesta-provincial-del-durazno-y-la-produccion-en-gobernador-castro\/whatsapp-image-2022-01-16-at-14-26-17\/\" data-orig-file=\"https:\/\/eldiariodesanpedro.com.ar\/sitio\/wp-content\/uploads\/2022\/01\/WhatsApp-Image-2022-01-16-at-14.26.17.jpeg\" data-orig-size=\"946,630\" data-comments-opened=\"0\" data-image-meta=\"{&quot;aperture&quot;:&quot;0&quot;,&quot;credit&quot;:&quot;&quot;,&quot;camera&quot;:&quot;&quot;,&quot;caption&quot;:&quot;&quot;,&quot;created_timestamp&quot;:&quot;0&quot;,&quot;copyright&quot;:&quot;&quot;,&quot;focal_length&quot;:&quot;0&quot;,&quot;iso&quot;:&quot;0&quot;,&quot;shutter_speed&quot;:&quot;0&quot;,&quot;title&quot;:&quot;&quot;,&quot;orientation&quot;:&quot;0&quot;}\" data-image-title=\"WhatsApp Image 2022-01-16 at 14.26.17\" data-image-description=\"\" data-image-caption=\"\" data-large-file=\"https:\/\/eldiariodesanpedro.com.ar\/sitio\/wp-content\/uploads\/2022\/01\/WhatsApp-Image-2022-01-16-at-14.26.17.jpeg\" data-src=\"https:\/\/eldiariodesanpedro.com.ar\/sitio\/wp-content\/uploads\/2022\/01\/WhatsApp-Image-2022-01-16-at-14.26.17.jpeg\" alt=\"\" class=\"wp-image-103062 lazyload\" data-srcset=\"https:\/\/eldiariodesanpedro.com.ar\/sitio\/wp-content\/uploads\/2022\/01\/WhatsApp-Image-2022-01-16-at-14.26.17.jpeg 946w, https:\/\/eldiariodesanpedro.com.ar\/sitio\/wp-content\/uploads\/2022\/01\/WhatsApp-Image-2022-01-16-at-14.26.17-300x200.jpeg 300w, https:\/\/eldiariodesanpedro.com.ar\/sitio\/wp-content\/uploads\/2022\/01\/WhatsApp-Image-2022-01-16-at-14.26.17-768x511.jpeg 768w\" data-sizes=\"(max-width: 946px) 100vw, 946px\" src=\"data:image\/svg+xml;base64,PHN2ZyB3aWR0aD0iMSIgaGVpZ2h0PSIxIiB4bWxucz0iaHR0cDovL3d3dy53My5vcmcvMjAwMC9zdmciPjwvc3ZnPg==\" style=\"--smush-placeholder-width: 946px; --smush-placeholder-aspect-ratio: 946\/630;\" \/><\/figure>\n\n\n\n<figure class=\"wp-block-image size-large\"><img decoding=\"async\" width=\"1024\" height=\"576\" data-attachment-id=\"103063\" data-permalink=\"https:\/\/eldiariodesanpedro.com.ar\/sitio\/se-realizo-la-22o-fiesta-provincial-del-durazno-y-la-produccion-en-gobernador-castro\/whatsapp-image-2022-01-16-at-14-26-18-1\/\" data-orig-file=\"https:\/\/eldiariodesanpedro.com.ar\/sitio\/wp-content\/uploads\/2022\/01\/WhatsApp-Image-2022-01-16-at-14.26.18-1.jpeg\" data-orig-size=\"1120,630\" data-comments-opened=\"0\" data-image-meta=\"{&quot;aperture&quot;:&quot;0&quot;,&quot;credit&quot;:&quot;&quot;,&quot;camera&quot;:&quot;&quot;,&quot;caption&quot;:&quot;&quot;,&quot;created_timestamp&quot;:&quot;0&quot;,&quot;copyright&quot;:&quot;&quot;,&quot;focal_length&quot;:&quot;0&quot;,&quot;iso&quot;:&quot;0&quot;,&quot;shutter_speed&quot;:&quot;0&quot;,&quot;title&quot;:&quot;&quot;,&quot;orientation&quot;:&quot;0&quot;}\" data-image-title=\"WhatsApp Image 2022-01-16 at 14.26.18 (1)\" data-image-description=\"\" data-image-caption=\"\" data-large-file=\"https:\/\/eldiariodesanpedro.com.ar\/sitio\/wp-content\/uploads\/2022\/01\/WhatsApp-Image-2022-01-16-at-14.26.18-1-1024x576.jpeg\" data-src=\"https:\/\/eldiariodesanpedro.com.ar\/sitio\/wp-content\/uploads\/2022\/01\/WhatsApp-Image-2022-01-16-at-14.26.18-1-1024x576.jpeg\" alt=\"\" class=\"wp-image-103063 lazyload\" data-srcset=\"https:\/\/eldiariodesanpedro.com.ar\/sitio\/wp-content\/uploads\/2022\/01\/WhatsApp-Image-2022-01-16-at-14.26.18-1-1024x576.jpeg 1024w, https:\/\/eldiariodesanpedro.com.ar\/sitio\/wp-content\/uploads\/2022\/01\/WhatsApp-Image-2022-01-16-at-14.26.18-1-300x169.jpeg 300w, https:\/\/eldiariodesanpedro.com.ar\/sitio\/wp-content\/uploads\/2022\/01\/WhatsApp-Image-2022-01-16-at-14.26.18-1-768x432.jpeg 768w, https:\/\/eldiariodesanpedro.com.ar\/sitio\/wp-content\/uploads\/2022\/01\/WhatsApp-Image-2022-01-16-at-14.26.18-1-800x450.jpeg 800w, https:\/\/eldiariodesanpedro.com.ar\/sitio\/wp-content\/uploads\/2022\/01\/WhatsApp-Image-2022-01-16-at-14.26.18-1.jpeg 1120w\" data-sizes=\"(max-width: 1024px) 100vw, 1024px\" src=\"data:image\/svg+xml;base64,PHN2ZyB3aWR0aD0iMSIgaGVpZ2h0PSIxIiB4bWxucz0iaHR0cDovL3d3dy53My5vcmcvMjAwMC9zdmciPjwvc3ZnPg==\" style=\"--smush-placeholder-width: 1024px; --smush-placeholder-aspect-ratio: 1024\/576;\" \/><\/figure>\n\n\n\n<figure class=\"wp-block-image size-full\"><img decoding=\"async\" width=\"922\" height=\"630\" data-attachment-id=\"103064\" data-permalink=\"https:\/\/eldiariodesanpedro.com.ar\/sitio\/se-realizo-la-22o-fiesta-provincial-del-durazno-y-la-produccion-en-gobernador-castro\/whatsapp-image-2022-01-16-at-14-26-18\/\" data-orig-file=\"https:\/\/eldiariodesanpedro.com.ar\/sitio\/wp-content\/uploads\/2022\/01\/WhatsApp-Image-2022-01-16-at-14.26.18.jpeg\" data-orig-size=\"922,630\" data-comments-opened=\"0\" data-image-meta=\"{&quot;aperture&quot;:&quot;0&quot;,&quot;credit&quot;:&quot;&quot;,&quot;camera&quot;:&quot;&quot;,&quot;caption&quot;:&quot;&quot;,&quot;created_timestamp&quot;:&quot;0&quot;,&quot;copyright&quot;:&quot;&quot;,&quot;focal_length&quot;:&quot;0&quot;,&quot;iso&quot;:&quot;0&quot;,&quot;shutter_speed&quot;:&quot;0&quot;,&quot;title&quot;:&quot;&quot;,&quot;orientation&quot;:&quot;0&quot;}\" data-image-title=\"WhatsApp Image 2022-01-16 at 14.26.18\" data-image-description=\"\" data-image-caption=\"\" data-large-file=\"https:\/\/eldiariodesanpedro.com.ar\/sitio\/wp-content\/uploads\/2022\/01\/WhatsApp-Image-2022-01-16-at-14.26.18.jpeg\" data-src=\"https:\/\/eldiariodesanpedro.com.ar\/sitio\/wp-content\/uploads\/2022\/01\/WhatsApp-Image-2022-01-16-at-14.26.18.jpeg\" alt=\"\" class=\"wp-image-103064 lazyload\" data-srcset=\"https:\/\/eldiariodesanpedro.com.ar\/sitio\/wp-content\/uploads\/2022\/01\/WhatsApp-Image-2022-01-16-at-14.26.18.jpeg 922w, https:\/\/eldiariodesanpedro.com.ar\/sitio\/wp-content\/uploads\/2022\/01\/WhatsApp-Image-2022-01-16-at-14.26.18-300x205.jpeg 300w, https:\/\/eldiariodesanpedro.com.ar\/sitio\/wp-content\/uploads\/2022\/01\/WhatsApp-Image-2022-01-16-at-14.26.18-768x525.jpeg 768w\" data-sizes=\"(max-width: 922px) 100vw, 922px\" src=\"data:image\/svg+xml;base64,PHN2ZyB3aWR0aD0iMSIgaGVpZ2h0PSIxIiB4bWxucz0iaHR0cDovL3d3dy53My5vcmcvMjAwMC9zdmciPjwvc3ZnPg==\" style=\"--smush-placeholder-width: 922px; --smush-placeholder-aspect-ratio: 922\/630;\" \/><\/figure>\n","protected":false},"excerpt":{"rendered":"<p>Se realiz\u00f3 la 22\u00ba Fiesta Provincial del Durazno y la Producci\u00f3n en el campo de deportes de Agricultores de Gobernador Castro con una buena asistencia de p\u00fablico a pesar de las condiciones clim\u00e1ticas que obligaron a reprogramar algunos shows. En un trabajo en conjunto entre las diferentes \u00e1reas que componen la Comisi\u00f3n de Eventos, la [&hellip;]<\/p>\n","protected":false},"author":4,"featured_media":103060,"comment_status":"closed","ping_status":"closed","sticky":false,"template":"","format":"standard","meta":{"om_disable_all_campaigns":false,"_jetpack_memberships_contains_paid_content":false,"footnotes":""},"categories":[50,101,2],"tags":[],"class_list":["post-103058","post","type-post","status-publish","format-standard","has-post-thumbnail","hentry","category-destacadas","category-interes-general-locales","category-locales"],"aioseo_notices":[],"gutentor_comment":0,"jetpack_featured_media_url":"https:\/\/eldiariodesanpedro.com.ar\/sitio\/wp-content\/uploads\/2022\/01\/WhatsApp-Image-2022-01-16-at-14.26.15.jpeg","jetpack_shortlink":"https:\/\/wp.me\/p6RhLt-qOe","jetpack_sharing_enabled":true,"_links":{"self":[{"href":"https:\/\/eldiariodesanpedro.com.ar\/sitio\/wp-json\/wp\/v2\/posts\/103058","targetHints":{"allow":["GET"]}}],"collection":[{"href":"https:\/\/eldiariodesanpedro.com.ar\/sitio\/wp-json\/wp\/v2\/posts"}],"about":[{"href":"https:\/\/eldiariodesanpedro.com.ar\/sitio\/wp-json\/wp\/v2\/types\/post"}],"author":[{"embeddable":true,"href":"https:\/\/eldiariodesanpedro.com.ar\/sitio\/wp-json\/wp\/v2\/users\/4"}],"replies":[{"embeddable":true,"href":"https:\/\/eldiariodesanpedro.com.ar\/sitio\/wp-json\/wp\/v2\/comments?post=103058"}],"version-history":[{"count":1,"href":"https:\/\/eldiariodesanpedro.com.ar\/sitio\/wp-json\/wp\/v2\/posts\/103058\/revisions"}],"predecessor-version":[{"id":103065,"href":"https:\/\/eldiariodesanpedro.com.ar\/sitio\/wp-json\/wp\/v2\/posts\/103058\/revisions\/103065"}],"wp:featuredmedia":[{"embeddable":true,"href":"https:\/\/eldiariodesanpedro.com.ar\/sitio\/wp-json\/wp\/v2\/media\/103060"}],"wp:attachment":[{"href":"https:\/\/eldiariodesanpedro.com.ar\/sitio\/wp-json\/wp\/v2\/media?parent=103058"}],"wp:term":[{"taxonomy":"category","embeddable":true,"href":"https:\/\/eldiariodesanpedro.com.ar\/sitio\/wp-json\/wp\/v2\/categories?post=103058"},{"taxonomy":"post_tag","embeddable":true,"href":"https:\/\/eldiariodesanpedro.com.ar\/sitio\/wp-json\/wp\/v2\/tags?post=103058"}],"curies":[{"name":"wp","href":"https:\/\/api.w.org\/{rel}","templated":true}]}}