{"id":103040,"date":"2022-01-14T19:15:13","date_gmt":"2022-01-14T22:15:13","guid":{"rendered":"https:\/\/eldiariodesanpedro.com.ar\/sitio\/?p=103040"},"modified":"2022-01-14T19:15:15","modified_gmt":"2022-01-14T22:15:15","slug":"hoy-la-temperatura-llego-a-42o-c-record-historico-para-san-pedro","status":"publish","type":"post","link":"https:\/\/eldiariodesanpedro.com.ar\/sitio\/hoy-la-temperatura-llego-a-42o-c-record-historico-para-san-pedro\/","title":{"rendered":"Hoy la temperatura lleg\u00f3 a 42\u00ba C, r\u00e9cord hist\u00f3rico para San Pedro"},"content":{"rendered":"<!-- VideographyWP Plugin Message: Automatic video embedding prevented by plugin options. -->\n\n<p>Como se ven\u00eda esperando hoy iba a ser el d\u00eda m\u00e1s caluroso de la historia de nuestra ciudad, por lo menos desde el a\u00f1o 1965 a\u00f1os registrados por INTA San Pedro.<\/p>\n\n\n\n<p>Como estaba previsto esta semana fue la ola de calor m\u00e1s fuerte registrada en los \u00faltimos a\u00f1os registrada en casi todo el pa\u00eds y nuestra ciudad no fue la excepci\u00f3n con temperaturas alrededor de los 42 \u00b0 C que fue tomada a las 16:15 hs.&nbsp;<\/p>\n\n\n\n<p>Para ma\u00f1ana s\u00e1bado se espera una baja a los 37 \u00ba C y para la noche posible lluvias y tormentas, los precipitaciones podr\u00edan comenzar en la madrugada del domingo y transcurrir hasta el martes en horas de la madrugada dando fin a esta primera ola de calor hist\u00f3rica.<\/p>\n\n\n\n<figure class=\"wp-block-image size-full\"><img decoding=\"async\" width=\"630\" height=\"630\" data-attachment-id=\"103041\" data-permalink=\"https:\/\/eldiariodesanpedro.com.ar\/sitio\/hoy-la-temperatura-llego-a-42o-c-record-historico-para-san-pedro\/271771773_2213055648849636_8892182061604848797_n\/\" data-orig-file=\"https:\/\/eldiariodesanpedro.com.ar\/sitio\/wp-content\/uploads\/2022\/01\/271771773_2213055648849636_8892182061604848797_n.jpg\" data-orig-size=\"630,630\" data-comments-opened=\"0\" data-image-meta=\"{&quot;aperture&quot;:&quot;0&quot;,&quot;credit&quot;:&quot;&quot;,&quot;camera&quot;:&quot;&quot;,&quot;caption&quot;:&quot;&quot;,&quot;created_timestamp&quot;:&quot;0&quot;,&quot;copyright&quot;:&quot;&quot;,&quot;focal_length&quot;:&quot;0&quot;,&quot;iso&quot;:&quot;0&quot;,&quot;shutter_speed&quot;:&quot;0&quot;,&quot;title&quot;:&quot;&quot;,&quot;orientation&quot;:&quot;0&quot;}\" data-image-title=\"271771773_2213055648849636_8892182061604848797_n\" data-image-description=\"\" data-image-caption=\"\" data-large-file=\"https:\/\/eldiariodesanpedro.com.ar\/sitio\/wp-content\/uploads\/2022\/01\/271771773_2213055648849636_8892182061604848797_n.jpg\" data-src=\"https:\/\/eldiariodesanpedro.com.ar\/sitio\/wp-content\/uploads\/2022\/01\/271771773_2213055648849636_8892182061604848797_n.jpg\" alt=\"\" class=\"wp-image-103041 lazyload\" data-srcset=\"https:\/\/eldiariodesanpedro.com.ar\/sitio\/wp-content\/uploads\/2022\/01\/271771773_2213055648849636_8892182061604848797_n.jpg 630w, https:\/\/eldiariodesanpedro.com.ar\/sitio\/wp-content\/uploads\/2022\/01\/271771773_2213055648849636_8892182061604848797_n-300x300.jpg 300w, https:\/\/eldiariodesanpedro.com.ar\/sitio\/wp-content\/uploads\/2022\/01\/271771773_2213055648849636_8892182061604848797_n-150x150.jpg 150w\" data-sizes=\"(max-width: 630px) 100vw, 630px\" src=\"data:image\/svg+xml;base64,PHN2ZyB3aWR0aD0iMSIgaGVpZ2h0PSIxIiB4bWxucz0iaHR0cDovL3d3dy53My5vcmcvMjAwMC9zdmciPjwvc3ZnPg==\" style=\"--smush-placeholder-width: 630px; --smush-placeholder-aspect-ratio: 630\/630;\" \/><\/figure>\n","protected":false},"excerpt":{"rendered":"<p>Como se ven\u00eda esperando hoy iba a ser el d\u00eda m\u00e1s caluroso de la historia de nuestra ciudad, por lo menos desde el a\u00f1o 1965 a\u00f1os registrados por INTA San Pedro. Como estaba previsto esta semana fue la ola de calor m\u00e1s fuerte registrada en los \u00faltimos a\u00f1os registrada en casi todo el pa\u00eds y [&hellip;]<\/p>\n","protected":false},"author":4,"featured_media":103042,"comment_status":"closed","ping_status":"closed","sticky":false,"template":"","format":"standard","meta":{"om_disable_all_campaigns":false,"_jetpack_memberships_contains_paid_content":false,"footnotes":""},"categories":[101,2],"tags":[197,2619,696,33,2620,19],"class_list":["post-103040","post","type-post","status-publish","format-standard","has-post-thumbnail","hentry","category-interes-general-locales","category-locales","tag-buenos-aires","tag-hoy-la-temperatura-llego-a-42o-c","tag-interes-general","tag-locales","tag-record-historico-para-san-pedro","tag-san-pedro"],"aioseo_notices":[],"gutentor_comment":0,"jetpack_featured_media_url":"https:\/\/eldiariodesanpedro.com.ar\/sitio\/wp-content\/uploads\/2022\/01\/calor-RTN.jpg","jetpack_shortlink":"https:\/\/wp.me\/p6RhLt-qNW","jetpack_sharing_enabled":true,"_links":{"self":[{"href":"https:\/\/eldiariodesanpedro.com.ar\/sitio\/wp-json\/wp\/v2\/posts\/103040","targetHints":{"allow":["GET"]}}],"collection":[{"href":"https:\/\/eldiariodesanpedro.com.ar\/sitio\/wp-json\/wp\/v2\/posts"}],"about":[{"href":"https:\/\/eldiariodesanpedro.com.ar\/sitio\/wp-json\/wp\/v2\/types\/post"}],"author":[{"embeddable":true,"href":"https:\/\/eldiariodesanpedro.com.ar\/sitio\/wp-json\/wp\/v2\/users\/4"}],"replies":[{"embeddable":true,"href":"https:\/\/eldiariodesanpedro.com.ar\/sitio\/wp-json\/wp\/v2\/comments?post=103040"}],"version-history":[{"count":1,"href":"https:\/\/eldiariodesanpedro.com.ar\/sitio\/wp-json\/wp\/v2\/posts\/103040\/revisions"}],"predecessor-version":[{"id":103043,"href":"https:\/\/eldiariodesanpedro.com.ar\/sitio\/wp-json\/wp\/v2\/posts\/103040\/revisions\/103043"}],"wp:featuredmedia":[{"embeddable":true,"href":"https:\/\/eldiariodesanpedro.com.ar\/sitio\/wp-json\/wp\/v2\/media\/103042"}],"wp:attachment":[{"href":"https:\/\/eldiariodesanpedro.com.ar\/sitio\/wp-json\/wp\/v2\/media?parent=103040"}],"wp:term":[{"taxonomy":"category","embeddable":true,"href":"https:\/\/eldiariodesanpedro.com.ar\/sitio\/wp-json\/wp\/v2\/categories?post=103040"},{"taxonomy":"post_tag","embeddable":true,"href":"https:\/\/eldiariodesanpedro.com.ar\/sitio\/wp-json\/wp\/v2\/tags?post=103040"}],"curies":[{"name":"wp","href":"https:\/\/api.w.org\/{rel}","templated":true}]}}