{"id":10304,"date":"2016-11-16T18:33:26","date_gmt":"2016-11-16T21:33:26","guid":{"rendered":"https:\/\/eldiariodesanpedro.com.ar\/sitio\/?p=10304"},"modified":"2016-11-16T18:33:26","modified_gmt":"2016-11-16T21:33:26","slug":"san-andres-de-giles-fumigaron-dos-veces-cerca-de-un-establecimiento-educativo","status":"publish","type":"post","link":"https:\/\/eldiariodesanpedro.com.ar\/sitio\/san-andres-de-giles-fumigaron-dos-veces-cerca-de-un-establecimiento-educativo\/","title":{"rendered":"SAN ANDR\u00c9S DE GILES: Fumigaron dos veces cerca de un establecimiento educativo"},"content":{"rendered":"<p><!-- VideographyWP Plugin Message: Automatic video embedding prevented by plugin options. --><br \/>\nEl pasado viernes 11 volvieron a fumigar el campo lindero a la escuela rural N\u00b0 21 Joaqu\u00edn V. Gonzalez durante el horario escolar.<\/p>\n<p>Los alumnos y docentes volvieron a presenciar la aplicaci\u00f3n de agroqu\u00edmicos mediante un mosquito. En agosto pasado ya hab\u00edan sufrido la fumigaci\u00f3n del mismo campo, lo que les provoc\u00f3 a la directora y los alumnos dificultades para respirar.<\/p>\n<p>Seg\u00fan Ambiente Saludable SAG, grupo de vecinos preocupados por el medio ambiente y el agronegocio, las autoridades escolares se comunicaron telef\u00f3nicamente con la municipalidad para denunciar la infracci\u00f3n. Les respondieron que el mosquito no estaba fumigando porque no ten\u00eda las alas desplegadas. Sin embargo, los presentes pudieron observar c\u00f3mo fumigaban y afirmaron que el olor fue m\u00e1s fuerte que la primera vez.<\/p>\n<p>Los integrantes de este grupo destacaron que a\u00fan no se sancion\u00f3 al productor por la denuncia del primer episodio.<\/p>\n","protected":false},"excerpt":{"rendered":"<p>El pasado viernes 11 volvieron a fumigar el campo lindero a la escuela rural N\u00b0 21 Joaqu\u00edn V. Gonzalez durante el horario escolar. Los alumnos y docentes volvieron a presenciar la aplicaci\u00f3n de agroqu\u00edmicos mediante un mosquito. En agosto pasado ya hab\u00edan sufrido la fumigaci\u00f3n del mismo campo, lo que les provoc\u00f3 a la directora [&hellip;]<\/p>\n","protected":false},"author":4,"featured_media":10305,"comment_status":"open","ping_status":"closed","sticky":false,"template":"","format":"standard","meta":{"om_disable_all_campaigns":false,"_jetpack_memberships_contains_paid_content":false,"footnotes":""},"categories":[621],"tags":[],"class_list":["post-10304","post","type-post","status-publish","format-standard","has-post-thumbnail","hentry","category-regionales"],"aioseo_notices":[],"gutentor_comment":0,"jetpack_featured_media_url":"https:\/\/eldiariodesanpedro.com.ar\/sitio\/wp-content\/uploads\/2016\/11\/fumigando-campo.jpg","jetpack_shortlink":"https:\/\/wp.me\/p6RhLt-2Gc","jetpack_sharing_enabled":true,"_links":{"self":[{"href":"https:\/\/eldiariodesanpedro.com.ar\/sitio\/wp-json\/wp\/v2\/posts\/10304","targetHints":{"allow":["GET"]}}],"collection":[{"href":"https:\/\/eldiariodesanpedro.com.ar\/sitio\/wp-json\/wp\/v2\/posts"}],"about":[{"href":"https:\/\/eldiariodesanpedro.com.ar\/sitio\/wp-json\/wp\/v2\/types\/post"}],"author":[{"embeddable":true,"href":"https:\/\/eldiariodesanpedro.com.ar\/sitio\/wp-json\/wp\/v2\/users\/4"}],"replies":[{"embeddable":true,"href":"https:\/\/eldiariodesanpedro.com.ar\/sitio\/wp-json\/wp\/v2\/comments?post=10304"}],"version-history":[{"count":1,"href":"https:\/\/eldiariodesanpedro.com.ar\/sitio\/wp-json\/wp\/v2\/posts\/10304\/revisions"}],"predecessor-version":[{"id":10306,"href":"https:\/\/eldiariodesanpedro.com.ar\/sitio\/wp-json\/wp\/v2\/posts\/10304\/revisions\/10306"}],"wp:featuredmedia":[{"embeddable":true,"href":"https:\/\/eldiariodesanpedro.com.ar\/sitio\/wp-json\/wp\/v2\/media\/10305"}],"wp:attachment":[{"href":"https:\/\/eldiariodesanpedro.com.ar\/sitio\/wp-json\/wp\/v2\/media?parent=10304"}],"wp:term":[{"taxonomy":"category","embeddable":true,"href":"https:\/\/eldiariodesanpedro.com.ar\/sitio\/wp-json\/wp\/v2\/categories?post=10304"},{"taxonomy":"post_tag","embeddable":true,"href":"https:\/\/eldiariodesanpedro.com.ar\/sitio\/wp-json\/wp\/v2\/tags?post=10304"}],"curies":[{"name":"wp","href":"https:\/\/api.w.org\/{rel}","templated":true}]}}