{"id":103037,"date":"2022-01-14T16:21:46","date_gmt":"2022-01-14T19:21:46","guid":{"rendered":"https:\/\/eldiariodesanpedro.com.ar\/sitio\/?p=103037"},"modified":"2022-01-14T16:21:48","modified_gmt":"2022-01-14T19:21:48","slug":"campana-de-lucha-y-prevencion-contra-el-dengue","status":"publish","type":"post","link":"https:\/\/eldiariodesanpedro.com.ar\/sitio\/campana-de-lucha-y-prevencion-contra-el-dengue\/","title":{"rendered":"Campa\u00f1a de lucha y prevenci\u00f3n contra el Dengue"},"content":{"rendered":"<!-- VideographyWP Plugin Message: Automatic video embedding prevented by plugin options. -->\n\n<p>La Municipalidad de San Pedro informa que la Direcci\u00f3n de Bromatolog\u00eda comenzar\u00e1 esta tarde, promediando las 20 hs, las tareas de fumigaci\u00f3n en Gobernador Castro, luego se trasladar\u00e1n a la localidad de Vuelta de Obligado y concluir\u00e1n los trabajos de fumigaci\u00f3n en los espacios verdes de la ciudad de San Pedro (Paseos P\u00fablicos, zona de barrancas y boulevard). Estas acciones se ir\u00e1n reiterando en todas las localidades junto a otras, previstas desde el \u00e1rea para mantener la prevenci\u00f3n del dengue y dem\u00e1s enfermedades.<\/p>\n\n\n\n<p>Como es de p\u00fablico conocimiento, no existen hasta el momento vacunas que prevengan las enfermedades que propaga el Aedes Aegypti, como tampoco medicamentos que lo curen, el modo m\u00e1s efectivo de combatirlo es a trav\u00e9s de la prevenci\u00f3n mediante la eliminaci\u00f3n de todos los criaderos de mosquitos.<\/p>\n\n\n\n<p>Se deber\u00e1n desechar todos aquellos recipientes que contengan o puedan llegar a albergar agua limpia y clara, como por ejemplo latas, botellas, neum\u00e1ticos, trozos de pl\u00e1stico, bidones cortados o incluso tapitas de gaseosa. Dado el caso de que no pueda prescindirse de algunos de los elementos antes mencionados, debe evitarse que en los mismos se acumule agua. Esto puede lograrse dando vuelta baldes, palanganas y tambores o vaci\u00e1ndolos, como sucede en el caso de porta macetas o bebederos. Cabe aclarar que bajo ning\u00fan punto de vista los tanques de agua pueden permanecer destapados.<\/p>\n","protected":false},"excerpt":{"rendered":"<p>La Municipalidad de San Pedro informa que la Direcci\u00f3n de Bromatolog\u00eda comenzar\u00e1 esta tarde, promediando las 20 hs, las tareas de fumigaci\u00f3n en Gobernador Castro, luego se trasladar\u00e1n a la localidad de Vuelta de Obligado y concluir\u00e1n los trabajos de fumigaci\u00f3n en los espacios verdes de la ciudad de San Pedro (Paseos P\u00fablicos, zona de [&hellip;]<\/p>\n","protected":false},"author":4,"featured_media":103038,"comment_status":"closed","ping_status":"closed","sticky":false,"template":"","format":"standard","meta":{"om_disable_all_campaigns":false,"_jetpack_memberships_contains_paid_content":false,"footnotes":""},"categories":[101,2],"tags":[197,2618,696,33,19],"class_list":["post-103037","post","type-post","status-publish","format-standard","has-post-thumbnail","hentry","category-interes-general-locales","category-locales","tag-buenos-aires","tag-campana-de-lucha-y-prevencion-contra-el-dengue","tag-interes-general","tag-locales","tag-san-pedro"],"aioseo_notices":[],"gutentor_comment":0,"jetpack_featured_media_url":"https:\/\/eldiariodesanpedro.com.ar\/sitio\/wp-content\/uploads\/2022\/01\/Imagen-2010-02-13-033.jpg","jetpack_shortlink":"https:\/\/wp.me\/p6RhLt-qNT","jetpack_sharing_enabled":true,"_links":{"self":[{"href":"https:\/\/eldiariodesanpedro.com.ar\/sitio\/wp-json\/wp\/v2\/posts\/103037","targetHints":{"allow":["GET"]}}],"collection":[{"href":"https:\/\/eldiariodesanpedro.com.ar\/sitio\/wp-json\/wp\/v2\/posts"}],"about":[{"href":"https:\/\/eldiariodesanpedro.com.ar\/sitio\/wp-json\/wp\/v2\/types\/post"}],"author":[{"embeddable":true,"href":"https:\/\/eldiariodesanpedro.com.ar\/sitio\/wp-json\/wp\/v2\/users\/4"}],"replies":[{"embeddable":true,"href":"https:\/\/eldiariodesanpedro.com.ar\/sitio\/wp-json\/wp\/v2\/comments?post=103037"}],"version-history":[{"count":1,"href":"https:\/\/eldiariodesanpedro.com.ar\/sitio\/wp-json\/wp\/v2\/posts\/103037\/revisions"}],"predecessor-version":[{"id":103039,"href":"https:\/\/eldiariodesanpedro.com.ar\/sitio\/wp-json\/wp\/v2\/posts\/103037\/revisions\/103039"}],"wp:featuredmedia":[{"embeddable":true,"href":"https:\/\/eldiariodesanpedro.com.ar\/sitio\/wp-json\/wp\/v2\/media\/103038"}],"wp:attachment":[{"href":"https:\/\/eldiariodesanpedro.com.ar\/sitio\/wp-json\/wp\/v2\/media?parent=103037"}],"wp:term":[{"taxonomy":"category","embeddable":true,"href":"https:\/\/eldiariodesanpedro.com.ar\/sitio\/wp-json\/wp\/v2\/categories?post=103037"},{"taxonomy":"post_tag","embeddable":true,"href":"https:\/\/eldiariodesanpedro.com.ar\/sitio\/wp-json\/wp\/v2\/tags?post=103037"}],"curies":[{"name":"wp","href":"https:\/\/api.w.org\/{rel}","templated":true}]}}