{"id":103034,"date":"2022-01-14T16:05:28","date_gmt":"2022-01-14T19:05:28","guid":{"rendered":"https:\/\/eldiariodesanpedro.com.ar\/sitio\/?p=103034"},"modified":"2022-01-14T16:05:30","modified_gmt":"2022-01-14T19:05:30","slug":"baraybar-se-entrevisto-con-el-subsecretario-de-desarrollo-agrario-y-calidad-alimentaria","status":"publish","type":"post","link":"https:\/\/eldiariodesanpedro.com.ar\/sitio\/baraybar-se-entrevisto-con-el-subsecretario-de-desarrollo-agrario-y-calidad-alimentaria\/","title":{"rendered":"Baraybar se entrevist\u00f3 con el Subsecretario de Desarrollo Agrario y Calidad Alimentaria"},"content":{"rendered":"<!-- VideographyWP Plugin Message: Automatic video embedding prevented by plugin options. -->\n\n<p>El Secretario de Producci\u00f3n, Industrias, Pymes, Comercios y Emprendedores, Mart\u00edn Baraybar mantuvo un encuentro con el Subsecretario de Desarrollo Agrario y Calidad Agroalimentaria de la Provincia de Buenos Aires, Cristian Amarilla.<\/p>\n\n\n\n<p>Ante el funcionario que tiene un estrecho v\u00ednculo con San Pedro en donde se llevan adelante diferentes programas que dependen de esta cartera bonaerense, Baraybar se present\u00f3 oficialmente como nuevo titular del \u00e1rea para establecer la agenda de trabajo que le dar\u00e1 continuidad a varios proyectos que se ven\u00edan impulsando en la gesti\u00f3n de Alfredo Carrasco al frente de la Secretar\u00eda.<\/p>\n\n\n\n<p>Acciones relacionadas con las campa\u00f1as de prevenci\u00f3n fitosanitarias, controles de plagas, l\u00edneas de est\u00edmulo para diferentes sectores de la producci\u00f3n y especialmente el avance del proyecto que ya fue presentado para el desarrollo del Parque Agroindustrial est\u00e1n dentro de las gestiones que se deber\u00e1n llevar adelante en los pr\u00f3ximos meses, adem\u00e1s de mantener la presencia que la Subsecretar\u00eda tiene en la regi\u00f3n acompa\u00f1ando la econom\u00eda familiar de diferentes sectores de la producci\u00f3n.<\/p>\n","protected":false},"excerpt":{"rendered":"<p>El Secretario de Producci\u00f3n, Industrias, Pymes, Comercios y Emprendedores, Mart\u00edn Baraybar mantuvo un encuentro con el Subsecretario de Desarrollo Agrario y Calidad Agroalimentaria de la Provincia de Buenos Aires, Cristian Amarilla. Ante el funcionario que tiene un estrecho v\u00ednculo con San Pedro en donde se llevan adelante diferentes programas que dependen de esta cartera bonaerense, [&hellip;]<\/p>\n","protected":false},"author":4,"featured_media":103035,"comment_status":"closed","ping_status":"closed","sticky":false,"template":"","format":"standard","meta":{"om_disable_all_campaigns":false,"_jetpack_memberships_contains_paid_content":false,"footnotes":""},"categories":[50,101,2],"tags":[197,696,33,19],"class_list":["post-103034","post","type-post","status-publish","format-standard","has-post-thumbnail","hentry","category-destacadas","category-interes-general-locales","category-locales","tag-buenos-aires","tag-interes-general","tag-locales","tag-san-pedro"],"aioseo_notices":[],"gutentor_comment":0,"jetpack_featured_media_url":"https:\/\/eldiariodesanpedro.com.ar\/sitio\/wp-content\/uploads\/2022\/01\/medida-15.jpg","jetpack_shortlink":"https:\/\/wp.me\/p6RhLt-qNQ","jetpack_sharing_enabled":true,"_links":{"self":[{"href":"https:\/\/eldiariodesanpedro.com.ar\/sitio\/wp-json\/wp\/v2\/posts\/103034","targetHints":{"allow":["GET"]}}],"collection":[{"href":"https:\/\/eldiariodesanpedro.com.ar\/sitio\/wp-json\/wp\/v2\/posts"}],"about":[{"href":"https:\/\/eldiariodesanpedro.com.ar\/sitio\/wp-json\/wp\/v2\/types\/post"}],"author":[{"embeddable":true,"href":"https:\/\/eldiariodesanpedro.com.ar\/sitio\/wp-json\/wp\/v2\/users\/4"}],"replies":[{"embeddable":true,"href":"https:\/\/eldiariodesanpedro.com.ar\/sitio\/wp-json\/wp\/v2\/comments?post=103034"}],"version-history":[{"count":1,"href":"https:\/\/eldiariodesanpedro.com.ar\/sitio\/wp-json\/wp\/v2\/posts\/103034\/revisions"}],"predecessor-version":[{"id":103036,"href":"https:\/\/eldiariodesanpedro.com.ar\/sitio\/wp-json\/wp\/v2\/posts\/103034\/revisions\/103036"}],"wp:featuredmedia":[{"embeddable":true,"href":"https:\/\/eldiariodesanpedro.com.ar\/sitio\/wp-json\/wp\/v2\/media\/103035"}],"wp:attachment":[{"href":"https:\/\/eldiariodesanpedro.com.ar\/sitio\/wp-json\/wp\/v2\/media?parent=103034"}],"wp:term":[{"taxonomy":"category","embeddable":true,"href":"https:\/\/eldiariodesanpedro.com.ar\/sitio\/wp-json\/wp\/v2\/categories?post=103034"},{"taxonomy":"post_tag","embeddable":true,"href":"https:\/\/eldiariodesanpedro.com.ar\/sitio\/wp-json\/wp\/v2\/tags?post=103034"}],"curies":[{"name":"wp","href":"https:\/\/api.w.org\/{rel}","templated":true}]}}