{"id":103029,"date":"2022-01-14T15:21:14","date_gmt":"2022-01-14T18:21:14","guid":{"rendered":"https:\/\/eldiariodesanpedro.com.ar\/sitio\/?p=103029"},"modified":"2022-01-14T15:21:16","modified_gmt":"2022-01-14T18:21:16","slug":"esquivaron-un-control-policial-dandose-a-la-fuga-fueron-perseguidos-varias-cuadras-y-aprehendidos","status":"publish","type":"post","link":"https:\/\/eldiariodesanpedro.com.ar\/sitio\/esquivaron-un-control-policial-dandose-a-la-fuga-fueron-perseguidos-varias-cuadras-y-aprehendidos\/","title":{"rendered":"Esquivaron un control policial d\u00e1ndose a la fuga, fueron perseguidos varias cuadras y aprehendidos"},"content":{"rendered":"<!-- VideographyWP Plugin Message: Automatic video embedding prevented by plugin options. -->\n\n<p>Este viernes siendo las 00:20 horas, el personal policial acude a calle Am\u00e9rica S\/N, donde aprehende a un ciudadano de 37 a\u00f1os de edad y una mujer 34 a\u00f1os de edad y al secuestro de camioneta en que se movilizaban por falta documentaci\u00f3n, quienes al momento de ser identificados varias cuadras atr\u00e1s, evadieron al personal policial, con maniobras peligrosas&nbsp; sin detenerse.&nbsp;<\/p>\n\n\n\n<p>El personal policial ileso afortunadamente.\u00a0 Interviene la fiscal\u00eda nro. 05.-\u00a0<\/p>\n\n\n\n<figure class=\"wp-block-image size-full\"><img decoding=\"async\" width=\"657\" height=\"630\" data-attachment-id=\"103031\" data-permalink=\"https:\/\/eldiariodesanpedro.com.ar\/sitio\/esquivaron-un-control-policial-dandose-a-la-fuga-fueron-perseguidos-varias-cuadras-y-aprehendidos\/whatsapp-image-2022-01-14-at-12-16-55-1\/\" data-orig-file=\"https:\/\/eldiariodesanpedro.com.ar\/sitio\/wp-content\/uploads\/2022\/01\/WhatsApp-Image-2022-01-14-at-12.16.55-1.jpeg\" data-orig-size=\"657,630\" data-comments-opened=\"0\" data-image-meta=\"{&quot;aperture&quot;:&quot;0&quot;,&quot;credit&quot;:&quot;&quot;,&quot;camera&quot;:&quot;&quot;,&quot;caption&quot;:&quot;&quot;,&quot;created_timestamp&quot;:&quot;0&quot;,&quot;copyright&quot;:&quot;&quot;,&quot;focal_length&quot;:&quot;0&quot;,&quot;iso&quot;:&quot;0&quot;,&quot;shutter_speed&quot;:&quot;0&quot;,&quot;title&quot;:&quot;&quot;,&quot;orientation&quot;:&quot;0&quot;}\" data-image-title=\"WhatsApp Image 2022-01-14 at 12.16.55 (1)\" data-image-description=\"\" data-image-caption=\"\" data-large-file=\"https:\/\/eldiariodesanpedro.com.ar\/sitio\/wp-content\/uploads\/2022\/01\/WhatsApp-Image-2022-01-14-at-12.16.55-1.jpeg\" data-src=\"https:\/\/eldiariodesanpedro.com.ar\/sitio\/wp-content\/uploads\/2022\/01\/WhatsApp-Image-2022-01-14-at-12.16.55-1.jpeg\" alt=\"\" class=\"wp-image-103031 lazyload\" data-srcset=\"https:\/\/eldiariodesanpedro.com.ar\/sitio\/wp-content\/uploads\/2022\/01\/WhatsApp-Image-2022-01-14-at-12.16.55-1.jpeg 657w, https:\/\/eldiariodesanpedro.com.ar\/sitio\/wp-content\/uploads\/2022\/01\/WhatsApp-Image-2022-01-14-at-12.16.55-1-300x288.jpeg 300w\" data-sizes=\"(max-width: 657px) 100vw, 657px\" src=\"data:image\/svg+xml;base64,PHN2ZyB3aWR0aD0iMSIgaGVpZ2h0PSIxIiB4bWxucz0iaHR0cDovL3d3dy53My5vcmcvMjAwMC9zdmciPjwvc3ZnPg==\" style=\"--smush-placeholder-width: 657px; --smush-placeholder-aspect-ratio: 657\/630;\" \/><\/figure>\n\n\n\n<figure class=\"wp-block-image size-full\"><img decoding=\"async\" width=\"645\" height=\"630\" data-attachment-id=\"103032\" data-permalink=\"https:\/\/eldiariodesanpedro.com.ar\/sitio\/esquivaron-un-control-policial-dandose-a-la-fuga-fueron-perseguidos-varias-cuadras-y-aprehendidos\/whatsapp-image-2022-01-14-at-12-16-55\/\" data-orig-file=\"https:\/\/eldiariodesanpedro.com.ar\/sitio\/wp-content\/uploads\/2022\/01\/WhatsApp-Image-2022-01-14-at-12.16.55.jpeg\" data-orig-size=\"645,630\" data-comments-opened=\"0\" data-image-meta=\"{&quot;aperture&quot;:&quot;0&quot;,&quot;credit&quot;:&quot;&quot;,&quot;camera&quot;:&quot;&quot;,&quot;caption&quot;:&quot;&quot;,&quot;created_timestamp&quot;:&quot;0&quot;,&quot;copyright&quot;:&quot;&quot;,&quot;focal_length&quot;:&quot;0&quot;,&quot;iso&quot;:&quot;0&quot;,&quot;shutter_speed&quot;:&quot;0&quot;,&quot;title&quot;:&quot;&quot;,&quot;orientation&quot;:&quot;0&quot;}\" data-image-title=\"WhatsApp Image 2022-01-14 at 12.16.55\" data-image-description=\"\" data-image-caption=\"\" data-large-file=\"https:\/\/eldiariodesanpedro.com.ar\/sitio\/wp-content\/uploads\/2022\/01\/WhatsApp-Image-2022-01-14-at-12.16.55.jpeg\" data-src=\"https:\/\/eldiariodesanpedro.com.ar\/sitio\/wp-content\/uploads\/2022\/01\/WhatsApp-Image-2022-01-14-at-12.16.55.jpeg\" alt=\"\" class=\"wp-image-103032 lazyload\" data-srcset=\"https:\/\/eldiariodesanpedro.com.ar\/sitio\/wp-content\/uploads\/2022\/01\/WhatsApp-Image-2022-01-14-at-12.16.55.jpeg 645w, https:\/\/eldiariodesanpedro.com.ar\/sitio\/wp-content\/uploads\/2022\/01\/WhatsApp-Image-2022-01-14-at-12.16.55-300x293.jpeg 300w\" data-sizes=\"(max-width: 645px) 100vw, 645px\" src=\"data:image\/svg+xml;base64,PHN2ZyB3aWR0aD0iMSIgaGVpZ2h0PSIxIiB4bWxucz0iaHR0cDovL3d3dy53My5vcmcvMjAwMC9zdmciPjwvc3ZnPg==\" style=\"--smush-placeholder-width: 645px; --smush-placeholder-aspect-ratio: 645\/630;\" \/><\/figure>\n","protected":false},"excerpt":{"rendered":"<p>Este viernes siendo las 00:20 horas, el personal policial acude a calle Am\u00e9rica S\/N, donde aprehende a un ciudadano de 37 a\u00f1os de edad y una mujer 34 a\u00f1os de edad y al secuestro de camioneta en que se movilizaban por falta documentaci\u00f3n, quienes al momento de ser identificados varias cuadras atr\u00e1s, evadieron al personal [&hellip;]<\/p>\n","protected":false},"author":4,"featured_media":103030,"comment_status":"closed","ping_status":"closed","sticky":false,"template":"","format":"standard","meta":{"om_disable_all_campaigns":false,"_jetpack_memberships_contains_paid_content":false,"footnotes":""},"categories":[2],"tags":[197,33,95,19],"class_list":["post-103029","post","type-post","status-publish","format-standard","has-post-thumbnail","hentry","category-locales","tag-buenos-aires","tag-locales","tag-policiales","tag-san-pedro"],"aioseo_notices":[],"gutentor_comment":0,"jetpack_featured_media_url":"https:\/\/eldiariodesanpedro.com.ar\/sitio\/wp-content\/uploads\/2022\/01\/WhatsApp-Image-2022-01-14-at-12.16.53.jpeg","jetpack_shortlink":"https:\/\/wp.me\/p6RhLt-qNL","jetpack_sharing_enabled":true,"_links":{"self":[{"href":"https:\/\/eldiariodesanpedro.com.ar\/sitio\/wp-json\/wp\/v2\/posts\/103029","targetHints":{"allow":["GET"]}}],"collection":[{"href":"https:\/\/eldiariodesanpedro.com.ar\/sitio\/wp-json\/wp\/v2\/posts"}],"about":[{"href":"https:\/\/eldiariodesanpedro.com.ar\/sitio\/wp-json\/wp\/v2\/types\/post"}],"author":[{"embeddable":true,"href":"https:\/\/eldiariodesanpedro.com.ar\/sitio\/wp-json\/wp\/v2\/users\/4"}],"replies":[{"embeddable":true,"href":"https:\/\/eldiariodesanpedro.com.ar\/sitio\/wp-json\/wp\/v2\/comments?post=103029"}],"version-history":[{"count":1,"href":"https:\/\/eldiariodesanpedro.com.ar\/sitio\/wp-json\/wp\/v2\/posts\/103029\/revisions"}],"predecessor-version":[{"id":103033,"href":"https:\/\/eldiariodesanpedro.com.ar\/sitio\/wp-json\/wp\/v2\/posts\/103029\/revisions\/103033"}],"wp:featuredmedia":[{"embeddable":true,"href":"https:\/\/eldiariodesanpedro.com.ar\/sitio\/wp-json\/wp\/v2\/media\/103030"}],"wp:attachment":[{"href":"https:\/\/eldiariodesanpedro.com.ar\/sitio\/wp-json\/wp\/v2\/media?parent=103029"}],"wp:term":[{"taxonomy":"category","embeddable":true,"href":"https:\/\/eldiariodesanpedro.com.ar\/sitio\/wp-json\/wp\/v2\/categories?post=103029"},{"taxonomy":"post_tag","embeddable":true,"href":"https:\/\/eldiariodesanpedro.com.ar\/sitio\/wp-json\/wp\/v2\/tags?post=103029"}],"curies":[{"name":"wp","href":"https:\/\/api.w.org\/{rel}","templated":true}]}}