{"id":103023,"date":"2022-01-14T14:38:08","date_gmt":"2022-01-14T17:38:08","guid":{"rendered":"https:\/\/eldiariodesanpedro.com.ar\/sitio\/?p=103023"},"modified":"2022-01-14T14:38:10","modified_gmt":"2022-01-14T17:38:10","slug":"una-joven-cansada-de-su-suegra-la-ataco-y-amenazo-con-un-arma-blanca","status":"publish","type":"post","link":"https:\/\/eldiariodesanpedro.com.ar\/sitio\/una-joven-cansada-de-su-suegra-la-ataco-y-amenazo-con-un-arma-blanca\/","title":{"rendered":"Una joven cansada de su suegra la atac\u00f3 y amenaz\u00f3 con un arma blanca"},"content":{"rendered":"<!-- VideographyWP Plugin Message: Automatic video embedding prevented by plugin options. -->\n\n<p>Este jueves la polic\u00eda tuvo que intervenir en un conflicto entre una mujer y su suegra por problemas personales.<\/p>\n\n\n\n<p>Este jueves pasadas las 21 hs&nbsp; un m\u00f3vil policial se tuvo que hacer presente en calle Brenan al 1200 donde procede a la aprehensi\u00f3n de una mujer de 21 a\u00f1os de edad quien instantes antes amenaz\u00f3 con un cuchillo a su suegra de 51 a\u00f1os.<\/p>\n\n\n\n<p>Se tratar\u00eda de un problema personal de larga data por lo que la joven fue aprehendida y trasladada a la comisar\u00eda local y la otra mujer asistida en la Comisaria de la Mujer y la Familia.<\/p>\n","protected":false},"excerpt":{"rendered":"<p>Este jueves la polic\u00eda tuvo que intervenir en un conflicto entre una mujer y su suegra por problemas personales. Este jueves pasadas las 21 hs&nbsp; un m\u00f3vil policial se tuvo que hacer presente en calle Brenan al 1200 donde procede a la aprehensi\u00f3n de una mujer de 21 a\u00f1os de edad quien instantes antes amenaz\u00f3 [&hellip;]<\/p>\n","protected":false},"author":4,"featured_media":103024,"comment_status":"closed","ping_status":"closed","sticky":false,"template":"","format":"standard","meta":{"om_disable_all_campaigns":false,"_jetpack_memberships_contains_paid_content":false,"footnotes":""},"categories":[2,103],"tags":[197,696,33,19,2617],"class_list":["post-103023","post","type-post","status-publish","format-standard","has-post-thumbnail","hentry","category-locales","category-policiales-locales","tag-buenos-aires","tag-interes-general","tag-locales","tag-san-pedro","tag-una-joven-cansada-de-su-suegra-la-ataco-y-amenazo-con-un-arma-blanca"],"aioseo_notices":[],"gutentor_comment":0,"jetpack_featured_media_url":"https:\/\/eldiariodesanpedro.com.ar\/sitio\/wp-content\/uploads\/2022\/01\/Patrulla67-1024x680-1.jpg","jetpack_shortlink":"https:\/\/wp.me\/p6RhLt-qNF","jetpack_sharing_enabled":true,"_links":{"self":[{"href":"https:\/\/eldiariodesanpedro.com.ar\/sitio\/wp-json\/wp\/v2\/posts\/103023","targetHints":{"allow":["GET"]}}],"collection":[{"href":"https:\/\/eldiariodesanpedro.com.ar\/sitio\/wp-json\/wp\/v2\/posts"}],"about":[{"href":"https:\/\/eldiariodesanpedro.com.ar\/sitio\/wp-json\/wp\/v2\/types\/post"}],"author":[{"embeddable":true,"href":"https:\/\/eldiariodesanpedro.com.ar\/sitio\/wp-json\/wp\/v2\/users\/4"}],"replies":[{"embeddable":true,"href":"https:\/\/eldiariodesanpedro.com.ar\/sitio\/wp-json\/wp\/v2\/comments?post=103023"}],"version-history":[{"count":1,"href":"https:\/\/eldiariodesanpedro.com.ar\/sitio\/wp-json\/wp\/v2\/posts\/103023\/revisions"}],"predecessor-version":[{"id":103025,"href":"https:\/\/eldiariodesanpedro.com.ar\/sitio\/wp-json\/wp\/v2\/posts\/103023\/revisions\/103025"}],"wp:featuredmedia":[{"embeddable":true,"href":"https:\/\/eldiariodesanpedro.com.ar\/sitio\/wp-json\/wp\/v2\/media\/103024"}],"wp:attachment":[{"href":"https:\/\/eldiariodesanpedro.com.ar\/sitio\/wp-json\/wp\/v2\/media?parent=103023"}],"wp:term":[{"taxonomy":"category","embeddable":true,"href":"https:\/\/eldiariodesanpedro.com.ar\/sitio\/wp-json\/wp\/v2\/categories?post=103023"},{"taxonomy":"post_tag","embeddable":true,"href":"https:\/\/eldiariodesanpedro.com.ar\/sitio\/wp-json\/wp\/v2\/tags?post=103023"}],"curies":[{"name":"wp","href":"https:\/\/api.w.org\/{rel}","templated":true}]}}