{"id":103021,"date":"2022-01-14T13:42:32","date_gmt":"2022-01-14T16:42:32","guid":{"rendered":"https:\/\/eldiariodesanpedro.com.ar\/sitio\/?p=103021"},"modified":"2022-01-14T13:42:33","modified_gmt":"2022-01-14T16:42:33","slug":"un-turista-fue-asaltado-por-motochorros-en-las-afueras-de-un-reconocido-hotel","status":"publish","type":"post","link":"https:\/\/eldiariodesanpedro.com.ar\/sitio\/un-turista-fue-asaltado-por-motochorros-en-las-afueras-de-un-reconocido-hotel\/","title":{"rendered":"Un turista fue asaltado por motochorros en las afueras de un reconocido hotel"},"content":{"rendered":"<!-- VideographyWP Plugin Message: Automatic video embedding prevented by plugin options. -->\n\n<p>Este jueves un ciudadano de 72 a\u00f1os radic\u00f3 en la comisar\u00eda local de nuestra ciudad tras sufrir el robo de un tel\u00e9fono celular.<\/p>\n\n\n\n<p>El hecho tuvo lugar alrededor de las 10:30 horas cuando la v\u00edctima se encontraba fuera del Hotel ubicado en Boulevard Paran\u00e1 al 400, donde es sorprendido por un masculinos que le arrebata su tel\u00e9fono celular d\u00e1ndose a la fuga junto a otro que lo esperaba en una moto.&nbsp;<\/p>\n\n\n\n<p>se investiga. Interviene U.F.I Nro. 05 San Pedro.-<\/p>\n","protected":false},"excerpt":{"rendered":"<p>Este jueves un ciudadano de 72 a\u00f1os radic\u00f3 en la comisar\u00eda local de nuestra ciudad tras sufrir el robo de un tel\u00e9fono celular. El hecho tuvo lugar alrededor de las 10:30 horas cuando la v\u00edctima se encontraba fuera del Hotel ubicado en Boulevard Paran\u00e1 al 400, donde es sorprendido por un masculinos que le arrebata [&hellip;]<\/p>\n","protected":false},"author":4,"featured_media":77910,"comment_status":"closed","ping_status":"closed","sticky":false,"template":"","format":"standard","meta":{"om_disable_all_campaigns":false,"_jetpack_memberships_contains_paid_content":false,"footnotes":""},"categories":[2,103],"tags":[197,33,95,19],"class_list":["post-103021","post","type-post","status-publish","format-standard","has-post-thumbnail","hentry","category-locales","category-policiales-locales","tag-buenos-aires","tag-locales","tag-policiales","tag-san-pedro"],"aioseo_notices":[],"gutentor_comment":0,"jetpack_featured_media_url":"https:\/\/eldiariodesanpedro.com.ar\/sitio\/wp-content\/uploads\/2020\/07\/no_ssowqejple3k931nop1c56465t83uu31kc3o1tm219bh1_1_.jpg","jetpack_shortlink":"https:\/\/wp.me\/p6RhLt-qND","jetpack_sharing_enabled":true,"_links":{"self":[{"href":"https:\/\/eldiariodesanpedro.com.ar\/sitio\/wp-json\/wp\/v2\/posts\/103021","targetHints":{"allow":["GET"]}}],"collection":[{"href":"https:\/\/eldiariodesanpedro.com.ar\/sitio\/wp-json\/wp\/v2\/posts"}],"about":[{"href":"https:\/\/eldiariodesanpedro.com.ar\/sitio\/wp-json\/wp\/v2\/types\/post"}],"author":[{"embeddable":true,"href":"https:\/\/eldiariodesanpedro.com.ar\/sitio\/wp-json\/wp\/v2\/users\/4"}],"replies":[{"embeddable":true,"href":"https:\/\/eldiariodesanpedro.com.ar\/sitio\/wp-json\/wp\/v2\/comments?post=103021"}],"version-history":[{"count":1,"href":"https:\/\/eldiariodesanpedro.com.ar\/sitio\/wp-json\/wp\/v2\/posts\/103021\/revisions"}],"predecessor-version":[{"id":103022,"href":"https:\/\/eldiariodesanpedro.com.ar\/sitio\/wp-json\/wp\/v2\/posts\/103021\/revisions\/103022"}],"wp:featuredmedia":[{"embeddable":true,"href":"https:\/\/eldiariodesanpedro.com.ar\/sitio\/wp-json\/wp\/v2\/media\/77910"}],"wp:attachment":[{"href":"https:\/\/eldiariodesanpedro.com.ar\/sitio\/wp-json\/wp\/v2\/media?parent=103021"}],"wp:term":[{"taxonomy":"category","embeddable":true,"href":"https:\/\/eldiariodesanpedro.com.ar\/sitio\/wp-json\/wp\/v2\/categories?post=103021"},{"taxonomy":"post_tag","embeddable":true,"href":"https:\/\/eldiariodesanpedro.com.ar\/sitio\/wp-json\/wp\/v2\/tags?post=103021"}],"curies":[{"name":"wp","href":"https:\/\/api.w.org\/{rel}","templated":true}]}}