{"id":103016,"date":"2022-01-14T13:31:24","date_gmt":"2022-01-14T16:31:24","guid":{"rendered":"https:\/\/eldiariodesanpedro.com.ar\/sitio\/?p=103016"},"modified":"2022-01-14T13:31:26","modified_gmt":"2022-01-14T16:31:26","slug":"trato-de-apunalar-con-un-cuchillo-a-su-madre","status":"publish","type":"post","link":"https:\/\/eldiariodesanpedro.com.ar\/sitio\/trato-de-apunalar-con-un-cuchillo-a-su-madre\/","title":{"rendered":"Trato de apu\u00f1alar con un cuchillo a su madre"},"content":{"rendered":"<!-- VideographyWP Plugin Message: Automatic video embedding prevented by plugin options. -->\n\n<p>En la jornada de ayer la polic\u00eda de nuestra ciudad tuvo que intervenir en un hecho de violencia familiar donde un joven agredi\u00f3 a su progenitora.<\/p>\n\n\n\n<p>Este mi\u00e9rcoles a las 13:45 horas, el personal policial de la comisar\u00eda local tras ser alertado acude a Benefactora Sampedrina 800, donde procede a la aprehensi\u00f3n de masculino de 18 a\u00f1os de edad, y al secuestro de un arma blanca con la cual instante previo amenaza a su progenitora una mujer de 34 a\u00f1os de edad.&nbsp;<\/p>\n\n\n\n<p>La v\u00edctima es trasladada y asistida en la Comisar\u00eda de la Mujer y la Familia San Pedro.\u00a0<\/p>\n\n\n\n<figure class=\"wp-block-image size-large\"><img decoding=\"async\" width=\"1024\" height=\"445\" data-attachment-id=\"103018\" data-permalink=\"https:\/\/eldiariodesanpedro.com.ar\/sitio\/trato-de-apunalar-con-un-cuchillo-a-su-madre\/whatsapp-image-2022-01-14-at-12-17-10\/\" data-orig-file=\"https:\/\/eldiariodesanpedro.com.ar\/sitio\/wp-content\/uploads\/2022\/01\/WhatsApp-Image-2022-01-14-at-12.17.10.jpeg\" data-orig-size=\"1200,521\" data-comments-opened=\"0\" data-image-meta=\"{&quot;aperture&quot;:&quot;0&quot;,&quot;credit&quot;:&quot;&quot;,&quot;camera&quot;:&quot;&quot;,&quot;caption&quot;:&quot;&quot;,&quot;created_timestamp&quot;:&quot;0&quot;,&quot;copyright&quot;:&quot;&quot;,&quot;focal_length&quot;:&quot;0&quot;,&quot;iso&quot;:&quot;0&quot;,&quot;shutter_speed&quot;:&quot;0&quot;,&quot;title&quot;:&quot;&quot;,&quot;orientation&quot;:&quot;0&quot;}\" data-image-title=\"WhatsApp-Image-2022-01-14-at-12.17.10\" data-image-description=\"\" data-image-caption=\"\" data-large-file=\"https:\/\/eldiariodesanpedro.com.ar\/sitio\/wp-content\/uploads\/2022\/01\/WhatsApp-Image-2022-01-14-at-12.17.10-1024x445.jpeg\" data-src=\"https:\/\/eldiariodesanpedro.com.ar\/sitio\/wp-content\/uploads\/2022\/01\/WhatsApp-Image-2022-01-14-at-12.17.10-1024x445.jpeg\" alt=\"\" class=\"wp-image-103018 lazyload\" data-srcset=\"https:\/\/eldiariodesanpedro.com.ar\/sitio\/wp-content\/uploads\/2022\/01\/WhatsApp-Image-2022-01-14-at-12.17.10-1024x445.jpeg 1024w, https:\/\/eldiariodesanpedro.com.ar\/sitio\/wp-content\/uploads\/2022\/01\/WhatsApp-Image-2022-01-14-at-12.17.10-300x130.jpeg 300w, https:\/\/eldiariodesanpedro.com.ar\/sitio\/wp-content\/uploads\/2022\/01\/WhatsApp-Image-2022-01-14-at-12.17.10-768x333.jpeg 768w, https:\/\/eldiariodesanpedro.com.ar\/sitio\/wp-content\/uploads\/2022\/01\/WhatsApp-Image-2022-01-14-at-12.17.10.jpeg 1200w\" data-sizes=\"(max-width: 1024px) 100vw, 1024px\" src=\"data:image\/svg+xml;base64,PHN2ZyB3aWR0aD0iMSIgaGVpZ2h0PSIxIiB4bWxucz0iaHR0cDovL3d3dy53My5vcmcvMjAwMC9zdmciPjwvc3ZnPg==\" style=\"--smush-placeholder-width: 1024px; --smush-placeholder-aspect-ratio: 1024\/445;\" \/><\/figure>\n\n\n\n<figure class=\"wp-block-image size-full\"><img decoding=\"async\" width=\"616\" height=\"630\" data-attachment-id=\"103019\" data-permalink=\"https:\/\/eldiariodesanpedro.com.ar\/sitio\/trato-de-apunalar-con-un-cuchillo-a-su-madre\/whatsapp-image-2022-01-14-at-12-17-09\/\" data-orig-file=\"https:\/\/eldiariodesanpedro.com.ar\/sitio\/wp-content\/uploads\/2022\/01\/WhatsApp-Image-2022-01-14-at-12.17.09.jpeg\" data-orig-size=\"616,630\" data-comments-opened=\"0\" data-image-meta=\"{&quot;aperture&quot;:&quot;0&quot;,&quot;credit&quot;:&quot;&quot;,&quot;camera&quot;:&quot;&quot;,&quot;caption&quot;:&quot;&quot;,&quot;created_timestamp&quot;:&quot;0&quot;,&quot;copyright&quot;:&quot;&quot;,&quot;focal_length&quot;:&quot;0&quot;,&quot;iso&quot;:&quot;0&quot;,&quot;shutter_speed&quot;:&quot;0&quot;,&quot;title&quot;:&quot;&quot;,&quot;orientation&quot;:&quot;0&quot;}\" data-image-title=\"WhatsApp-Image-2022-01-14-at-12.17.09\" data-image-description=\"\" data-image-caption=\"\" data-large-file=\"https:\/\/eldiariodesanpedro.com.ar\/sitio\/wp-content\/uploads\/2022\/01\/WhatsApp-Image-2022-01-14-at-12.17.09.jpeg\" data-src=\"https:\/\/eldiariodesanpedro.com.ar\/sitio\/wp-content\/uploads\/2022\/01\/WhatsApp-Image-2022-01-14-at-12.17.09.jpeg\" alt=\"\" class=\"wp-image-103019 lazyload\" data-srcset=\"https:\/\/eldiariodesanpedro.com.ar\/sitio\/wp-content\/uploads\/2022\/01\/WhatsApp-Image-2022-01-14-at-12.17.09.jpeg 616w, https:\/\/eldiariodesanpedro.com.ar\/sitio\/wp-content\/uploads\/2022\/01\/WhatsApp-Image-2022-01-14-at-12.17.09-293x300.jpeg 293w\" data-sizes=\"(max-width: 616px) 100vw, 616px\" src=\"data:image\/svg+xml;base64,PHN2ZyB3aWR0aD0iMSIgaGVpZ2h0PSIxIiB4bWxucz0iaHR0cDovL3d3dy53My5vcmcvMjAwMC9zdmciPjwvc3ZnPg==\" style=\"--smush-placeholder-width: 616px; --smush-placeholder-aspect-ratio: 616\/630;\" \/><\/figure>\n","protected":false},"excerpt":{"rendered":"<p>En la jornada de ayer la polic\u00eda de nuestra ciudad tuvo que intervenir en un hecho de violencia familiar donde un joven agredi\u00f3 a su progenitora. Este mi\u00e9rcoles a las 13:45 horas, el personal policial de la comisar\u00eda local tras ser alertado acude a Benefactora Sampedrina 800, donde procede a la aprehensi\u00f3n de masculino de [&hellip;]<\/p>\n","protected":false},"author":4,"featured_media":103017,"comment_status":"closed","ping_status":"closed","sticky":false,"template":"","format":"standard","meta":{"om_disable_all_campaigns":false,"_jetpack_memberships_contains_paid_content":false,"footnotes":""},"categories":[50,2,103],"tags":[197,696,33,19],"class_list":["post-103016","post","type-post","status-publish","format-standard","has-post-thumbnail","hentry","category-destacadas","category-locales","category-policiales-locales","tag-buenos-aires","tag-interes-general","tag-locales","tag-san-pedro"],"aioseo_notices":[],"gutentor_comment":0,"jetpack_featured_media_url":"https:\/\/eldiariodesanpedro.com.ar\/sitio\/wp-content\/uploads\/2022\/01\/medida-1.png","jetpack_shortlink":"https:\/\/wp.me\/p6RhLt-qNy","jetpack_sharing_enabled":true,"_links":{"self":[{"href":"https:\/\/eldiariodesanpedro.com.ar\/sitio\/wp-json\/wp\/v2\/posts\/103016","targetHints":{"allow":["GET"]}}],"collection":[{"href":"https:\/\/eldiariodesanpedro.com.ar\/sitio\/wp-json\/wp\/v2\/posts"}],"about":[{"href":"https:\/\/eldiariodesanpedro.com.ar\/sitio\/wp-json\/wp\/v2\/types\/post"}],"author":[{"embeddable":true,"href":"https:\/\/eldiariodesanpedro.com.ar\/sitio\/wp-json\/wp\/v2\/users\/4"}],"replies":[{"embeddable":true,"href":"https:\/\/eldiariodesanpedro.com.ar\/sitio\/wp-json\/wp\/v2\/comments?post=103016"}],"version-history":[{"count":1,"href":"https:\/\/eldiariodesanpedro.com.ar\/sitio\/wp-json\/wp\/v2\/posts\/103016\/revisions"}],"predecessor-version":[{"id":103020,"href":"https:\/\/eldiariodesanpedro.com.ar\/sitio\/wp-json\/wp\/v2\/posts\/103016\/revisions\/103020"}],"wp:featuredmedia":[{"embeddable":true,"href":"https:\/\/eldiariodesanpedro.com.ar\/sitio\/wp-json\/wp\/v2\/media\/103017"}],"wp:attachment":[{"href":"https:\/\/eldiariodesanpedro.com.ar\/sitio\/wp-json\/wp\/v2\/media?parent=103016"}],"wp:term":[{"taxonomy":"category","embeddable":true,"href":"https:\/\/eldiariodesanpedro.com.ar\/sitio\/wp-json\/wp\/v2\/categories?post=103016"},{"taxonomy":"post_tag","embeddable":true,"href":"https:\/\/eldiariodesanpedro.com.ar\/sitio\/wp-json\/wp\/v2\/tags?post=103016"}],"curies":[{"name":"wp","href":"https:\/\/api.w.org\/{rel}","templated":true}]}}