{"id":103011,"date":"2022-01-14T12:56:53","date_gmt":"2022-01-14T15:56:53","guid":{"rendered":"https:\/\/eldiariodesanpedro.com.ar\/sitio\/?p=103011"},"modified":"2022-01-14T12:56:55","modified_gmt":"2022-01-14T15:56:55","slug":"por-cuestiones-climaticas-la-fiesta-del-durazno-solo-se-realizara-el-dia-sabado","status":"publish","type":"post","link":"https:\/\/eldiariodesanpedro.com.ar\/sitio\/por-cuestiones-climaticas-la-fiesta-del-durazno-solo-se-realizara-el-dia-sabado\/","title":{"rendered":"Por cuestiones clim\u00e1ticas la Fiesta del Durazno solo se realizar\u00e1 el d\u00eda s\u00e1bado"},"content":{"rendered":"<!-- VideographyWP Plugin Message: Automatic video embedding prevented by plugin options. -->\n\n<p>La Secretar\u00eda de Turismo y Cultura y la Comisi\u00f3n Organizadora de Gobernador Castro, informan que ante el pron\u00f3stico de lluvias para el domingo, se ha resuelto reprogramar la segunda jornada de la 22\u00ba Fiesta Provincial del Durazno y la Producci\u00f3n.<\/p>\n\n\n\n<p>Est\u00e1 confirmada la agenda para este s\u00e1bado en la cancha de Agricultores, con los espect\u00e1culos ya anunciados y el cierre a cargo de La Delio Valdez. Adem\u00e1s, se realizar\u00e1 la elecci\u00f3n de la Representante del Durazno 2022 y la elecci\u00f3n de los mejores duraznos de la temporada presentados en competencia por productores locales.<br>En el d\u00eda de hoy, a las 20 hs. las postulantes a Representante de la Fiesta del Durazno 2022 realizar\u00e1n una caravana por el centro de la ciudad y la costanera.<\/p>\n\n\n\n<p>Las entradas anticipadas est\u00e1n en venta hoy y ma\u00f1ana en el Centro Cultural Abelardo Castillo, tambi\u00e9n se podr\u00e1n adquirir el d\u00eda de hoy en la Delegaci\u00f3n de Gobernador Castro y el d\u00eda s\u00e1bado en la cancha de Agricultores. Todas las novedades se ir\u00e1n comunicando a trav\u00e9s de las redes oficiales de la Secretar\u00eda de Turismo y Cultura y de la Municipalidad de San Pedro.<\/p>\n\n\n\n<p>La nueva fecha para la programaci\u00f3n del domingo ser\u00e1 comunicada en breve.<\/p>\n","protected":false},"excerpt":{"rendered":"<p>La Secretar\u00eda de Turismo y Cultura y la Comisi\u00f3n Organizadora de Gobernador Castro, informan que ante el pron\u00f3stico de lluvias para el domingo, se ha resuelto reprogramar la segunda jornada de la 22\u00ba Fiesta Provincial del Durazno y la Producci\u00f3n. Est\u00e1 confirmada la agenda para este s\u00e1bado en la cancha de Agricultores, con los espect\u00e1culos [&hellip;]<\/p>\n","protected":false},"author":4,"featured_media":103012,"comment_status":"closed","ping_status":"closed","sticky":false,"template":"","format":"standard","meta":{"om_disable_all_campaigns":false,"_jetpack_memberships_contains_paid_content":false,"footnotes":""},"categories":[50,101,2],"tags":[197,696,33,19],"class_list":["post-103011","post","type-post","status-publish","format-standard","has-post-thumbnail","hentry","category-destacadas","category-interes-general-locales","category-locales","tag-buenos-aires","tag-interes-general","tag-locales","tag-san-pedro"],"aioseo_notices":[],"gutentor_comment":0,"jetpack_featured_media_url":"https:\/\/eldiariodesanpedro.com.ar\/sitio\/wp-content\/uploads\/2022\/01\/WhatsApp-Image-2021-09-22-at-11.34.12.jpeg","jetpack_shortlink":"https:\/\/wp.me\/p6RhLt-qNt","jetpack_sharing_enabled":true,"_links":{"self":[{"href":"https:\/\/eldiariodesanpedro.com.ar\/sitio\/wp-json\/wp\/v2\/posts\/103011","targetHints":{"allow":["GET"]}}],"collection":[{"href":"https:\/\/eldiariodesanpedro.com.ar\/sitio\/wp-json\/wp\/v2\/posts"}],"about":[{"href":"https:\/\/eldiariodesanpedro.com.ar\/sitio\/wp-json\/wp\/v2\/types\/post"}],"author":[{"embeddable":true,"href":"https:\/\/eldiariodesanpedro.com.ar\/sitio\/wp-json\/wp\/v2\/users\/4"}],"replies":[{"embeddable":true,"href":"https:\/\/eldiariodesanpedro.com.ar\/sitio\/wp-json\/wp\/v2\/comments?post=103011"}],"version-history":[{"count":2,"href":"https:\/\/eldiariodesanpedro.com.ar\/sitio\/wp-json\/wp\/v2\/posts\/103011\/revisions"}],"predecessor-version":[{"id":103015,"href":"https:\/\/eldiariodesanpedro.com.ar\/sitio\/wp-json\/wp\/v2\/posts\/103011\/revisions\/103015"}],"wp:featuredmedia":[{"embeddable":true,"href":"https:\/\/eldiariodesanpedro.com.ar\/sitio\/wp-json\/wp\/v2\/media\/103012"}],"wp:attachment":[{"href":"https:\/\/eldiariodesanpedro.com.ar\/sitio\/wp-json\/wp\/v2\/media?parent=103011"}],"wp:term":[{"taxonomy":"category","embeddable":true,"href":"https:\/\/eldiariodesanpedro.com.ar\/sitio\/wp-json\/wp\/v2\/categories?post=103011"},{"taxonomy":"post_tag","embeddable":true,"href":"https:\/\/eldiariodesanpedro.com.ar\/sitio\/wp-json\/wp\/v2\/tags?post=103011"}],"curies":[{"name":"wp","href":"https:\/\/api.w.org\/{rel}","templated":true}]}}