{"id":10301,"date":"2016-11-16T18:31:10","date_gmt":"2016-11-16T21:31:10","guid":{"rendered":"https:\/\/eldiariodesanpedro.com.ar\/sitio\/?p=10301"},"modified":"2016-11-16T18:31:10","modified_gmt":"2016-11-16T21:31:10","slug":"san-antonio-de-areco-francisco-duranona-soy-vidalista-a-mi-me-gusta-su-gestion","status":"publish","type":"post","link":"https:\/\/eldiariodesanpedro.com.ar\/sitio\/san-antonio-de-areco-francisco-duranona-soy-vidalista-a-mi-me-gusta-su-gestion\/","title":{"rendered":"SAN ANTONIO DE ARECO: Francisco Dura\u00f1ona: \u201cSoy vidalista, a m\u00ed me gusta su gesti\u00f3n\u201d"},"content":{"rendered":"<p><!-- VideographyWP Plugin Message: Automatic video embedding prevented by plugin options. --><br \/>\nEn los preparativos de la Fiesta Nacional de la Tradici\u00f3n, el intendente Francisco Dura\u00f1ona habl\u00f3 de varios temas y uno de ellos fue su relaci\u00f3n con la gobernadora de la provincia de Buenos Aires, Mar\u00eda Eugenia Vidal.<\/p>\n<p>\u201cSoy vidalista, a m\u00ed me gusta su gesti\u00f3n, por qu\u00e9 lo voy a ocultar\u201d, expres\u00f3 Dura\u00f1ona al aclarar que si bien tiene una cordial relaci\u00f3n con Vidal, los temas que tenga que discutir los va a hacer como corresponde. Sobre el pago de bono de fin de a\u00f1o, expres\u00f3 que si la gobernadora no hace ese esfuerzo, no puede exigir al municipio que lo haga, pero que de todos modos el intendente llevar\u00e1 adelante una negociaci\u00f3n con los gremios.<\/p>\n<p>\u201cAyer me sorprend\u00ed en la reuni\u00f3n en el Senado provincial, San Antonio de Areco es el segundo municipio del peronismo bonaerense con mayor presupuesto para el a\u00f1o que viene y obviamente tiene que ver con las obras hidr\u00e1ulicas\u201d, indic\u00f3 Dura\u00f1ona. Adem\u00e1s, precis\u00f3 que es muy cr\u00edtico del gobierno Nacional al mencionar que quiz\u00e1s desde arriba le dijeron a Vidal que no pod\u00eda presenciar la Fiesta de la Tradici\u00f3n. <\/p>\n","protected":false},"excerpt":{"rendered":"<p>En los preparativos de la Fiesta Nacional de la Tradici\u00f3n, el intendente Francisco Dura\u00f1ona habl\u00f3 de varios temas y uno de ellos fue su relaci\u00f3n con la gobernadora de la provincia de Buenos Aires, Mar\u00eda Eugenia Vidal. \u201cSoy vidalista, a m\u00ed me gusta su gesti\u00f3n, por qu\u00e9 lo voy a ocultar\u201d, expres\u00f3 Dura\u00f1ona al aclarar [&hellip;]<\/p>\n","protected":false},"author":4,"featured_media":10302,"comment_status":"open","ping_status":"closed","sticky":false,"template":"","format":"standard","meta":{"om_disable_all_campaigns":false,"_jetpack_memberships_contains_paid_content":false,"footnotes":""},"categories":[621],"tags":[],"class_list":["post-10301","post","type-post","status-publish","format-standard","has-post-thumbnail","hentry","category-regionales"],"aioseo_notices":[],"gutentor_comment":0,"jetpack_featured_media_url":"https:\/\/eldiariodesanpedro.com.ar\/sitio\/wp-content\/uploads\/2016\/11\/Francisco-Dura\u00f1ona-y-vidal.jpeg","jetpack_shortlink":"https:\/\/wp.me\/p6RhLt-2G9","jetpack_sharing_enabled":true,"_links":{"self":[{"href":"https:\/\/eldiariodesanpedro.com.ar\/sitio\/wp-json\/wp\/v2\/posts\/10301","targetHints":{"allow":["GET"]}}],"collection":[{"href":"https:\/\/eldiariodesanpedro.com.ar\/sitio\/wp-json\/wp\/v2\/posts"}],"about":[{"href":"https:\/\/eldiariodesanpedro.com.ar\/sitio\/wp-json\/wp\/v2\/types\/post"}],"author":[{"embeddable":true,"href":"https:\/\/eldiariodesanpedro.com.ar\/sitio\/wp-json\/wp\/v2\/users\/4"}],"replies":[{"embeddable":true,"href":"https:\/\/eldiariodesanpedro.com.ar\/sitio\/wp-json\/wp\/v2\/comments?post=10301"}],"version-history":[{"count":1,"href":"https:\/\/eldiariodesanpedro.com.ar\/sitio\/wp-json\/wp\/v2\/posts\/10301\/revisions"}],"predecessor-version":[{"id":10303,"href":"https:\/\/eldiariodesanpedro.com.ar\/sitio\/wp-json\/wp\/v2\/posts\/10301\/revisions\/10303"}],"wp:featuredmedia":[{"embeddable":true,"href":"https:\/\/eldiariodesanpedro.com.ar\/sitio\/wp-json\/wp\/v2\/media\/10302"}],"wp:attachment":[{"href":"https:\/\/eldiariodesanpedro.com.ar\/sitio\/wp-json\/wp\/v2\/media?parent=10301"}],"wp:term":[{"taxonomy":"category","embeddable":true,"href":"https:\/\/eldiariodesanpedro.com.ar\/sitio\/wp-json\/wp\/v2\/categories?post=10301"},{"taxonomy":"post_tag","embeddable":true,"href":"https:\/\/eldiariodesanpedro.com.ar\/sitio\/wp-json\/wp\/v2\/tags?post=10301"}],"curies":[{"name":"wp","href":"https:\/\/api.w.org\/{rel}","templated":true}]}}