{"id":102996,"date":"2022-01-14T12:01:33","date_gmt":"2022-01-14T15:01:33","guid":{"rendered":"https:\/\/eldiariodesanpedro.com.ar\/sitio\/?p=102996"},"modified":"2022-01-14T12:01:33","modified_gmt":"2022-01-14T15:01:33","slug":"cronograma-de-anses-para-este-viernes-10","status":"publish","type":"post","link":"https:\/\/eldiariodesanpedro.com.ar\/sitio\/cronograma-de-anses-para-este-viernes-10\/","title":{"rendered":"Cronograma de Anses para este viernes"},"content":{"rendered":"<!-- VideographyWP Plugin Message: Automatic video embedding prevented by plugin options. -->\n\n<p><strong>ANSES informa que hoy se abonan jubilaciones, pensiones, Asignaci\u00f3n Universal por Hijo, Asignaciones Familiares, Asignaci\u00f3n por Embarazo y los programas Alimentar para AUH, Hogar y Progresar.<\/strong><strong><\/strong><\/p>\n\n\n\n<p><strong>Jubilaciones&nbsp;y&nbsp;pensiones&nbsp;<\/strong><\/p>\n\n\n\n<p>Las sucursales bancarias habilitadas atender\u00e1n por ventanilla a jubilados, jubiladas, pensionados y pensionadas con documentos terminados en&nbsp;<strong>3&nbsp;<\/strong>cuyos<strong>&nbsp;haberes NO SUPEREN la suma de 32.664 pesos<\/strong>.<\/p>\n\n\n\n<p><strong>Asignaci\u00f3n Universal por Hijo y Asignaci\u00f3n Familiar por Hijo<\/strong><\/p>\n\n\n\n<p>Con la utilizaci\u00f3n de la tarjeta de d\u00e9bito, hoy perciben la Asignaci\u00f3n Universal por Hijo y la Asignaci\u00f3n Familiar por Hijo titulares con documentos concluidos en&nbsp;<strong>3<\/strong>.<\/p>\n\n\n\n<p><strong>Asignaci\u00f3n por Embarazo<\/strong><\/p>\n\n\n\n<p>Con la utilizaci\u00f3n de la tarjeta de d\u00e9bito, hoy cobran la Asignaci\u00f3n por Embarazo las titulares con documentos finalizados en&nbsp;<strong>4<\/strong>.<\/p>\n\n\n\n<p><strong>Asignaciones por&nbsp;Prenatal&nbsp;y por Maternidad<\/strong><\/p>\n\n\n\n<p>Las titulares de la Asignaci\u00f3n por&nbsp;Prenatal&nbsp;y Asignaci\u00f3n por Maternidad con documentos terminados en&nbsp;<strong>4&nbsp;<\/strong>y<strong>5<\/strong>&nbsp;perciben hoy su prestaci\u00f3n.<\/p>\n\n\n\n<p><strong>Programa Alimentar<\/strong><\/p>\n\n\n\n<p>En el marco del Plan Argentina contra el Hambre del Ministerio de Desarrollo Social, ANSES acompa\u00f1a con el pago del programa Alimentar. Hoy&nbsp;cobran titulares de&nbsp;<strong>AUH<\/strong>&nbsp;con documentos concluidos en&nbsp;<strong>3<\/strong>&nbsp;en la misma cuenta de la prestaci\u00f3n.<\/p>\n\n\n\n<p><strong>Programa Hogar<\/strong><\/p>\n\n\n\n<p>ANSES y la Secretar\u00eda de Energ\u00eda impulsan en conjunto el Programa Hogar, mediante el cual se otorga un subsidio para la compra&nbsp;de garrafas en viviendas que no est\u00e1n conectadas a la red de gas natural. Hoy cobran este beneficio las personas con documentos finalizados en&nbsp;<strong>3<\/strong>.<\/p>\n\n\n\n<p><strong>Progresar<\/strong><\/p>\n\n\n\n<p>Con Progresar, ANSES y el Ministerio de Educaci\u00f3n garantizan el derecho de terminar los estudios a j\u00f3venes del pa\u00eds. Hoy&nbsp;cobran titulares con documentos terminados en&nbsp;<strong>6&nbsp;<\/strong>y&nbsp;<strong>7<\/strong>.<\/p>\n\n\n\n<p>ANSES recuerda que, debido a la alerta meteorol\u00f3gica por altas temperaturas pronosticadas para esta semana, es recomendable utilizar la tarjeta de d\u00e9bito para realizar extracciones en cajeros autom\u00e1ticos, fuera del horario bancario, y tambi\u00e9n en comercios. Por otro lado, y m\u00e1s all\u00e1 de la fecha de cobro que cada titular de jubilaci\u00f3n o pensi\u00f3n tenga seg\u00fan el calendario de pagos, el dinero en la cuenta puede ser extra\u00eddo de manera paulatina, as\u00ed como es posible utilizarlo efectuando compras con tarjeta de d\u00e9bito.<\/p>\n","protected":false},"excerpt":{"rendered":"<p>ANSES informa que hoy se abonan jubilaciones, pensiones, Asignaci\u00f3n Universal por Hijo, Asignaciones Familiares, Asignaci\u00f3n por Embarazo y los programas Alimentar para AUH, Hogar y Progresar. Jubilaciones&nbsp;y&nbsp;pensiones&nbsp; Las sucursales bancarias habilitadas atender\u00e1n por ventanilla a jubilados, jubiladas, pensionados y pensionadas con documentos terminados en&nbsp;3&nbsp;cuyos&nbsp;haberes NO SUPEREN la suma de 32.664 pesos. Asignaci\u00f3n Universal por Hijo [&hellip;]<\/p>\n","protected":false},"author":4,"featured_media":71308,"comment_status":"closed","ping_status":"","sticky":false,"template":"","format":"standard","meta":{"om_disable_all_campaigns":false,"_jetpack_memberships_contains_paid_content":false,"footnotes":""},"categories":[50,101,2],"tags":[197,696,33,19],"class_list":["post-102996","post","type-post","status-publish","format-standard","has-post-thumbnail","hentry","category-destacadas","category-interes-general-locales","category-locales","tag-buenos-aires","tag-interes-general","tag-locales","tag-san-pedro"],"aioseo_notices":[],"gutentor_comment":0,"jetpack_featured_media_url":"https:\/\/eldiariodesanpedro.com.ar\/sitio\/wp-content\/uploads\/2020\/04\/anses-4.jpg","jetpack_shortlink":"https:\/\/wp.me\/p6RhLt-qNe","jetpack_sharing_enabled":true,"_links":{"self":[{"href":"https:\/\/eldiariodesanpedro.com.ar\/sitio\/wp-json\/wp\/v2\/posts\/102996","targetHints":{"allow":["GET"]}}],"collection":[{"href":"https:\/\/eldiariodesanpedro.com.ar\/sitio\/wp-json\/wp\/v2\/posts"}],"about":[{"href":"https:\/\/eldiariodesanpedro.com.ar\/sitio\/wp-json\/wp\/v2\/types\/post"}],"author":[{"embeddable":true,"href":"https:\/\/eldiariodesanpedro.com.ar\/sitio\/wp-json\/wp\/v2\/users\/4"}],"replies":[{"embeddable":true,"href":"https:\/\/eldiariodesanpedro.com.ar\/sitio\/wp-json\/wp\/v2\/comments?post=102996"}],"version-history":[{"count":1,"href":"https:\/\/eldiariodesanpedro.com.ar\/sitio\/wp-json\/wp\/v2\/posts\/102996\/revisions"}],"predecessor-version":[{"id":102997,"href":"https:\/\/eldiariodesanpedro.com.ar\/sitio\/wp-json\/wp\/v2\/posts\/102996\/revisions\/102997"}],"wp:featuredmedia":[{"embeddable":true,"href":"https:\/\/eldiariodesanpedro.com.ar\/sitio\/wp-json\/wp\/v2\/media\/71308"}],"wp:attachment":[{"href":"https:\/\/eldiariodesanpedro.com.ar\/sitio\/wp-json\/wp\/v2\/media?parent=102996"}],"wp:term":[{"taxonomy":"category","embeddable":true,"href":"https:\/\/eldiariodesanpedro.com.ar\/sitio\/wp-json\/wp\/v2\/categories?post=102996"},{"taxonomy":"post_tag","embeddable":true,"href":"https:\/\/eldiariodesanpedro.com.ar\/sitio\/wp-json\/wp\/v2\/tags?post=102996"}],"curies":[{"name":"wp","href":"https:\/\/api.w.org\/{rel}","templated":true}]}}