{"id":102993,"date":"2022-01-13T19:49:28","date_gmt":"2022-01-13T22:49:28","guid":{"rendered":"https:\/\/eldiariodesanpedro.com.ar\/sitio\/?p=102993"},"modified":"2022-01-13T19:49:29","modified_gmt":"2022-01-13T22:49:29","slug":"fin-de-semana-colmado-de-eventos-rodrigo-tapari-y-la-delio-valdez-en-castro","status":"publish","type":"post","link":"https:\/\/eldiariodesanpedro.com.ar\/sitio\/fin-de-semana-colmado-de-eventos-rodrigo-tapari-y-la-delio-valdez-en-castro\/","title":{"rendered":"Fin de semana colmado de eventos, Rodrigo Tapari y La Delio Valdez en Castro"},"content":{"rendered":"<!-- VideographyWP Plugin Message: Automatic video embedding prevented by plugin options. -->\n\n<p>La secretaria de Turismo y Cultura Marcela Cu\u00f1er llev\u00f3 a cabo una conferencia de prensa en el complejo Mansa Lyfe junto al encargado del lugar Cristian Romero para informar respecto de las actividades que se desarrollar\u00e1n en la ciudad durante el pr\u00f3ximo fin de semana en el cual comenzar\u00e1 a funcionar la peatonal en la zona c\u00e9ntrica, se estrenar\u00e1 la obra encabezada por Marcelo Polino en el Centro Cultural Abelardo Castillo y se realizar\u00e1 la 22\u00b0 Fiesta Provincial del Durazno y la Producci\u00f3n en la localidad de Gobernador Castro.<\/p>\n\n\n\n<p>En un trabajo en conjunto entre las diferentes \u00e1reas del municipio que componen la Comisi\u00f3n de Eventos junto a la C\u00e1mara de Turismo del Centro de Comercio se respondi\u00f3 al pedido de los comerciantes y la Peatonal del Verano iniciar\u00e1 este fin de semana en la zona c\u00e9ntrica, funcionando durante s\u00e1bado y domingo a partir de las 20 hs. Se utilizar\u00e1 calle Pellegrini desde Rafael Obligado hasta San Martin y Calle Mitre, desde Ayacucho hasta plaza Constituci\u00f3n, donde funcionar\u00e1 la Feria de Artesanos durante todo el fin de semana. Adem\u00e1s, se dispondr\u00e1 de un escenario principal donde se desarrollar\u00e1n actividades art\u00edsticas.<\/p>\n\n\n\n<p>En el Centro Cultural Abelardo Castillo estrenar\u00e1 a las 22 hs. la obra \u00abTalentos en San Pedro\u00bb que conduce Marcelo Polino y tiene como Jurado a Marcela Tauro en la que los participantes competir\u00e1n cada fin de semana por importantes premios al final de temporada. En cuanto a la obra Hisopad\u00edsimos que encabeza Carmen Barbieri y Alejando Cupit\u00f3, no se realizar\u00e1 funci\u00f3n este s\u00e1bado y se trasladar\u00e1 a Mansa Lyfe el pr\u00f3ximo s\u00e1bado a las 22.00 hs. para desarrollarse al aire libre y generar m\u00e1s condiciones de prevenci\u00f3n y cuidados. Finalmente, a partir del pr\u00f3ximo s\u00e1bado, las dos obras se realizar\u00e1n en el complejo que ofrecer\u00e1 este domingo un campeonato de comida al disco que contar\u00e1 con 10 participantes, 4 jurados que degustar\u00e1n los platos y determinar\u00e1n los ganadores, quienes acceder\u00e1n a premios de 15 mil, 10 mil y 5 mil pesos.<\/p>\n\n\n\n<p>Como actividad principal se desarrollar\u00e1 este s\u00e1bado 15 y domingo 16 la 22\u00b0 Fiesta Provincial del Durazno y la Producci\u00f3n en la localidad de Gobernador Castro. Las jornadas comenzar\u00e1n a partir de las 19, las entradas tienen un costo de $500 para adultos, $300 jubilados y $100 para menores. Desde la Secretar\u00eda de Turismo y Cultura se dispondr\u00e1 un micro que partir\u00e1 a las 20 hs. y regresar\u00e1 luego del festival que contar\u00e1 con el cierre de La Delio Valdez el d\u00eda s\u00e1bado y la actuaci\u00f3n de Rodrigo Tapari, Mart\u00edn Paz y Horacio Guaran\u00ed Rodr\u00edguez (hijo del conocido m\u00fasico folcl\u00f3rico). Adem\u00e1s, estar\u00e1n las representantes de la Fiesta del Durazno y se llevar\u00e1 a cabo la elecci\u00f3n del durazno de oro.<\/p>\n","protected":false},"excerpt":{"rendered":"<p>La secretaria de Turismo y Cultura Marcela Cu\u00f1er llev\u00f3 a cabo una conferencia de prensa en el complejo Mansa Lyfe junto al encargado del lugar Cristian Romero para informar respecto de las actividades que se desarrollar\u00e1n en la ciudad durante el pr\u00f3ximo fin de semana en el cual comenzar\u00e1 a funcionar la peatonal en la [&hellip;]<\/p>\n","protected":false},"author":4,"featured_media":102994,"comment_status":"closed","ping_status":"closed","sticky":false,"template":"","format":"standard","meta":{"om_disable_all_campaigns":false,"_jetpack_memberships_contains_paid_content":false,"footnotes":""},"categories":[50,101,2],"tags":[197,696,33,19],"class_list":["post-102993","post","type-post","status-publish","format-standard","has-post-thumbnail","hentry","category-destacadas","category-interes-general-locales","category-locales","tag-buenos-aires","tag-interes-general","tag-locales","tag-san-pedro"],"aioseo_notices":[],"gutentor_comment":0,"jetpack_featured_media_url":"https:\/\/eldiariodesanpedro.com.ar\/sitio\/wp-content\/uploads\/2022\/01\/WhatsApp-Image-2022-01-13-at-15.22.46.jpeg","jetpack_shortlink":"https:\/\/wp.me\/p6RhLt-qNb","jetpack_sharing_enabled":true,"_links":{"self":[{"href":"https:\/\/eldiariodesanpedro.com.ar\/sitio\/wp-json\/wp\/v2\/posts\/102993","targetHints":{"allow":["GET"]}}],"collection":[{"href":"https:\/\/eldiariodesanpedro.com.ar\/sitio\/wp-json\/wp\/v2\/posts"}],"about":[{"href":"https:\/\/eldiariodesanpedro.com.ar\/sitio\/wp-json\/wp\/v2\/types\/post"}],"author":[{"embeddable":true,"href":"https:\/\/eldiariodesanpedro.com.ar\/sitio\/wp-json\/wp\/v2\/users\/4"}],"replies":[{"embeddable":true,"href":"https:\/\/eldiariodesanpedro.com.ar\/sitio\/wp-json\/wp\/v2\/comments?post=102993"}],"version-history":[{"count":1,"href":"https:\/\/eldiariodesanpedro.com.ar\/sitio\/wp-json\/wp\/v2\/posts\/102993\/revisions"}],"predecessor-version":[{"id":102995,"href":"https:\/\/eldiariodesanpedro.com.ar\/sitio\/wp-json\/wp\/v2\/posts\/102993\/revisions\/102995"}],"wp:featuredmedia":[{"embeddable":true,"href":"https:\/\/eldiariodesanpedro.com.ar\/sitio\/wp-json\/wp\/v2\/media\/102994"}],"wp:attachment":[{"href":"https:\/\/eldiariodesanpedro.com.ar\/sitio\/wp-json\/wp\/v2\/media?parent=102993"}],"wp:term":[{"taxonomy":"category","embeddable":true,"href":"https:\/\/eldiariodesanpedro.com.ar\/sitio\/wp-json\/wp\/v2\/categories?post=102993"},{"taxonomy":"post_tag","embeddable":true,"href":"https:\/\/eldiariodesanpedro.com.ar\/sitio\/wp-json\/wp\/v2\/tags?post=102993"}],"curies":[{"name":"wp","href":"https:\/\/api.w.org\/{rel}","templated":true}]}}