{"id":102984,"date":"2022-01-13T19:43:38","date_gmt":"2022-01-13T22:43:38","guid":{"rendered":"https:\/\/eldiariodesanpedro.com.ar\/sitio\/?p=102984"},"modified":"2022-01-13T19:43:40","modified_gmt":"2022-01-13T22:43:40","slug":"martin-baraybar-juro-como-secretario-de-produccion-industrias-pymes-comercios-y-emprendedores","status":"publish","type":"post","link":"https:\/\/eldiariodesanpedro.com.ar\/sitio\/martin-baraybar-juro-como-secretario-de-produccion-industrias-pymes-comercios-y-emprendedores\/","title":{"rendered":"Mart\u00edn Baraybar jur\u00f3 como Secretario de Producci\u00f3n, Industrias, Pymes, Comercios y Emprendedores"},"content":{"rendered":"<!-- VideographyWP Plugin Message: Automatic video embedding prevented by plugin options. -->\n\n<p>Esta ma\u00f1ana la Intendenta Interina M\u00f3nica Otero le tom\u00f3 juramento al nuevo funcionario, quien ya se hab\u00eda integrado al equipo de gobierno para acoplarse progresivamente a las tareas de la Secretar\u00eda de Producci\u00f3n, Industrias, Pymes, Comercios y Emprendedores.<\/p>\n\n\n\n<p>Antes de comenzar la jura, la Intendenta interina Otero se refiri\u00f3 al orgullo que le represent\u00f3 tomarle juramento al flamante funcionario a quien conoce hace mucho tiempo y en un marco de gran respeto.<\/p>\n\n\n\n<p>Por su parte, Baraybar agradeci\u00f3 a los funcionarios del gobierno municipal por su presencia y se refiri\u00f3 al \u201cgran y lindo desaf\u00edo\u201d que comienza, asegurando que \u201cvan a encontrar un compa\u00f1ero que est\u00e1 dispuesto a trabajar y dejar todo lo que tenga de mi para poder cumplir con los objetivos que son del conjunto\u201d.<\/p>\n\n\n\n<p>En cuanto a sus responsabilidades encabezando la Secretar\u00eda de Producci\u00f3n, Industrias, Pymes, Comercios y Emprendedores el secretario asegur\u00f3 que dentro de los objetivos se encuentran el generar mejores condiciones para los vecinos y vecinas, afirmando que \u201chay mucho por trabajar con todos los actores de la comunidad y del territorio productivo de san pedro\u201d para hacer una ciudad productivamente m\u00e1s grande, m\u00e1s variado que genere oportunidades, trabajo e inversiones.<\/p>\n\n\n\n<p>Participaron del acto funcionarios del gobierno municipal, miembros del Honorable Concejo Deliberante familiares y allegados.<\/p>\n\n\n\n<figure class=\"wp-block-image size-large\"><img decoding=\"async\" width=\"1024\" height=\"569\" data-attachment-id=\"102985\" data-permalink=\"https:\/\/eldiariodesanpedro.com.ar\/sitio\/martin-baraybar-juro-como-secretario-de-produccion-industrias-pymes-comercios-y-emprendedores\/whatsapp-image-2022-01-13-at-13-56-30\/\" data-orig-file=\"https:\/\/eldiariodesanpedro.com.ar\/sitio\/wp-content\/uploads\/2022\/01\/WhatsApp-Image-2022-01-13-at-13.56.30.jpeg\" data-orig-size=\"1134,630\" data-comments-opened=\"0\" data-image-meta=\"{&quot;aperture&quot;:&quot;0&quot;,&quot;credit&quot;:&quot;&quot;,&quot;camera&quot;:&quot;&quot;,&quot;caption&quot;:&quot;&quot;,&quot;created_timestamp&quot;:&quot;0&quot;,&quot;copyright&quot;:&quot;&quot;,&quot;focal_length&quot;:&quot;0&quot;,&quot;iso&quot;:&quot;0&quot;,&quot;shutter_speed&quot;:&quot;0&quot;,&quot;title&quot;:&quot;&quot;,&quot;orientation&quot;:&quot;0&quot;}\" data-image-title=\"WhatsApp Image 2022-01-13 at 13.56.30\" data-image-description=\"\" data-image-caption=\"\" data-large-file=\"https:\/\/eldiariodesanpedro.com.ar\/sitio\/wp-content\/uploads\/2022\/01\/WhatsApp-Image-2022-01-13-at-13.56.30-1024x569.jpeg\" data-src=\"https:\/\/eldiariodesanpedro.com.ar\/sitio\/wp-content\/uploads\/2022\/01\/WhatsApp-Image-2022-01-13-at-13.56.30-1024x569.jpeg\" alt=\"\" class=\"wp-image-102985 lazyload\" data-srcset=\"https:\/\/eldiariodesanpedro.com.ar\/sitio\/wp-content\/uploads\/2022\/01\/WhatsApp-Image-2022-01-13-at-13.56.30-1024x569.jpeg 1024w, https:\/\/eldiariodesanpedro.com.ar\/sitio\/wp-content\/uploads\/2022\/01\/WhatsApp-Image-2022-01-13-at-13.56.30-300x167.jpeg 300w, https:\/\/eldiariodesanpedro.com.ar\/sitio\/wp-content\/uploads\/2022\/01\/WhatsApp-Image-2022-01-13-at-13.56.30-768x427.jpeg 768w, https:\/\/eldiariodesanpedro.com.ar\/sitio\/wp-content\/uploads\/2022\/01\/WhatsApp-Image-2022-01-13-at-13.56.30.jpeg 1134w\" data-sizes=\"(max-width: 1024px) 100vw, 1024px\" src=\"data:image\/svg+xml;base64,PHN2ZyB3aWR0aD0iMSIgaGVpZ2h0PSIxIiB4bWxucz0iaHR0cDovL3d3dy53My5vcmcvMjAwMC9zdmciPjwvc3ZnPg==\" style=\"--smush-placeholder-width: 1024px; --smush-placeholder-aspect-ratio: 1024\/569;\" \/><\/figure>\n","protected":false},"excerpt":{"rendered":"<p>Esta ma\u00f1ana la Intendenta Interina M\u00f3nica Otero le tom\u00f3 juramento al nuevo funcionario, quien ya se hab\u00eda integrado al equipo de gobierno para acoplarse progresivamente a las tareas de la Secretar\u00eda de Producci\u00f3n, Industrias, Pymes, Comercios y Emprendedores. Antes de comenzar la jura, la Intendenta interina Otero se refiri\u00f3 al orgullo que le represent\u00f3 tomarle [&hellip;]<\/p>\n","protected":false},"author":4,"featured_media":102986,"comment_status":"closed","ping_status":"closed","sticky":false,"template":"","format":"standard","meta":{"om_disable_all_campaigns":false,"_jetpack_memberships_contains_paid_content":false,"footnotes":""},"categories":[101,2],"tags":[197,696,33,19],"class_list":["post-102984","post","type-post","status-publish","format-standard","has-post-thumbnail","hentry","category-interes-general-locales","category-locales","tag-buenos-aires","tag-interes-general","tag-locales","tag-san-pedro"],"aioseo_notices":[],"gutentor_comment":0,"jetpack_featured_media_url":"https:\/\/eldiariodesanpedro.com.ar\/sitio\/wp-content\/uploads\/2022\/01\/WhatsApp-Image-2022-01-13-at-13.56.31.jpeg","jetpack_shortlink":"https:\/\/wp.me\/p6RhLt-qN2","jetpack_sharing_enabled":true,"_links":{"self":[{"href":"https:\/\/eldiariodesanpedro.com.ar\/sitio\/wp-json\/wp\/v2\/posts\/102984","targetHints":{"allow":["GET"]}}],"collection":[{"href":"https:\/\/eldiariodesanpedro.com.ar\/sitio\/wp-json\/wp\/v2\/posts"}],"about":[{"href":"https:\/\/eldiariodesanpedro.com.ar\/sitio\/wp-json\/wp\/v2\/types\/post"}],"author":[{"embeddable":true,"href":"https:\/\/eldiariodesanpedro.com.ar\/sitio\/wp-json\/wp\/v2\/users\/4"}],"replies":[{"embeddable":true,"href":"https:\/\/eldiariodesanpedro.com.ar\/sitio\/wp-json\/wp\/v2\/comments?post=102984"}],"version-history":[{"count":2,"href":"https:\/\/eldiariodesanpedro.com.ar\/sitio\/wp-json\/wp\/v2\/posts\/102984\/revisions"}],"predecessor-version":[{"id":102991,"href":"https:\/\/eldiariodesanpedro.com.ar\/sitio\/wp-json\/wp\/v2\/posts\/102984\/revisions\/102991"}],"wp:featuredmedia":[{"embeddable":true,"href":"https:\/\/eldiariodesanpedro.com.ar\/sitio\/wp-json\/wp\/v2\/media\/102986"}],"wp:attachment":[{"href":"https:\/\/eldiariodesanpedro.com.ar\/sitio\/wp-json\/wp\/v2\/media?parent=102984"}],"wp:term":[{"taxonomy":"category","embeddable":true,"href":"https:\/\/eldiariodesanpedro.com.ar\/sitio\/wp-json\/wp\/v2\/categories?post=102984"},{"taxonomy":"post_tag","embeddable":true,"href":"https:\/\/eldiariodesanpedro.com.ar\/sitio\/wp-json\/wp\/v2\/tags?post=102984"}],"curies":[{"name":"wp","href":"https:\/\/api.w.org\/{rel}","templated":true}]}}